{"id":9945,"date":"2013-03-25T00:49:55","date_gmt":"2013-03-24T22:49:55","guid":{"rendered":"http:\/\/www.4ojos.com\/blog\/?p=9945"},"modified":"2013-04-03T14:06:25","modified_gmt":"2013-04-03T12:06:25","slug":"la-terraza-de-la-puerta-del-sol","status":"publish","type":"post","link":"https:\/\/www.4ojos.com\/blog\/?p=9945","title":{"rendered":"la terraza de la puerta del sol"},"content":{"rendered":"<p><a href=\"http:\/\/www.4ojos.com\/blog\/imagenes\/actualidad\/15M-intersobres-001.jpg\"><img loading=\"lazy\" class=\"alignnone\" src=\"http:\/\/www.4ojos.com\/blog\/imagenes\/actualidad\/15M-intersobres-001.jpg\" alt=\"\" width=\"700\" height=\"510\" \/><\/a><\/p>\n<p>El Excelent\u00edsmo Ayuntamiento de Madrid nos da una muestra m\u00e1s de su bajeza anunciando una macroterraza de 400 metros cuadrados en la Puerta del Sol. Tras las ocupaciones de las anta\u00f1o plazas p\u00fablicas de Santa Ana, Callao o Jacinto Benaventa ahora apuntan al kil\u00f3metro cero. Todo por la pasta.<br \/>\nMuchos vecinos airados han protestado esta ma\u00f1ana rebautizando el famoso juego del pa\u00f1uelo como &#8220;juego del sobre&#8221; y han celebrado una liguilla con un sosias de B\u00e1rcenas como repartidor de sobres en el espacio que, si no lo evitamos, pronto ser\u00e1 patrimonio exclusivo de guiris adinerados y madrile\u00f1os sin memoria.<\/p>\n<p>Algunas fotos,<a href=\"http:\/\/www.flickr.com\/photos\/92340902@N02\/sets\/72157633075450377\/with\/8585274771\/\" target=\"_blank\"><strong> aqu\u00ed.<\/strong><\/a><\/p>\n<p>Lo explica muy bien <a href=\"http:\/\/europapress.tv\/sociedad\/179971\/1\/denuncian-privatizacion-espacios-publicos.html\" target=\"_blank\"><strong>en un v\u00eddeo esta chica.<\/strong><\/a> Tambi\u00e9n lo explica, por escrito, mi amiga Aurora:<\/p>\n<h5>\n<blockquote>\n<div>\n<p>Pues nada, os contar\u00e9 como fue mi domingo si no lo visteis por ah\u00ed. Las vecinas de <a href=\"https:\/\/www.facebook.com\/asamblea.austrias?group_id=0\">Asamblea Austrias<\/a> se curraron el evento de <a href=\"https:\/\/www.facebook.com\/events\/229324533874408\/?group_id=0\">#Intersobre: Que no te DesPlaZen<\/a>.  Era una forma divertida y creativa de protesta porque en la Plaza del  Sol, ser\u00e1 ocupado por terrazas. \u00bfPara qu\u00e9? Pues para evitar las  manifestaciones. Ocupar de manera capitalista y consumista el espacio  p\u00fablico, la soluci\u00f3n habitual.<\/p>\n<p>En el Intersobres, era como el  juego del pa\u00f1uelo pero con sobres. Los barrios compet\u00edan unos contra  otros (puro capitalismo) por robar el sobre que sosten\u00eda un yayoflauta  con careta de B\u00e1rcenas. En el juego todo val\u00eda, y se pod\u00eda conseguir el  sobre sobornando al juez ciego, a B\u00e1rcenas o a la fuerza bruta. Y la  usamos, vamos, que toda esa agresividad que todav\u00eda no hemos utilizado  contra pol\u00edticos ni polic\u00edas la utilizamos contra nosotras mismas.  Empujones, pellizcos con tal de conseguir nuestro sobre.<br \/>\nEl juego  era un fant\u00e1stico caos feliz, como mucha de las cosas que hacemos.  Disfrutando otra vez de luchar juntas. As\u00ed no hay quien se desenganche  del activismo.<\/p>\n<\/div>\n<\/blockquote>\n<\/h5>\n<p>Pod\u00e9is firmar contra esta mierda <a href=\"http:\/\/www.avaaz.org\/es\/petition\/no_a_la_terraza_de_la_puerta_del_Sol\/\" target=\"_blank\"><strong>aqu\u00ed.<\/strong><\/a><\/p>\n<p>Bernardo Guti\u00e9rrez habla de m\u00e1s ejemplos de activismo l\u00fadico<a href=\"http:\/\/blogs.20minutos.es\/codigo-abierto\/2013\/04\/01\/intersobres-goldman-sachs-y-juegos-activistas\/\" target=\"_blank\"><strong> aqu\u00ed.<\/strong><\/a><\/p>\n<p><a href=\"http:\/\/www.4ojos.com\/blog\/imagenes\/actualidad\/15M-intersobres-002.jpg\"><img loading=\"lazy\" class=\"alignnone\" src=\"http:\/\/www.4ojos.com\/blog\/imagenes\/actualidad\/15M-intersobres-002.jpg\" alt=\"\" width=\"700\" height=\"510\" \/><\/a><\/p>\n<p>\u2014\u2014\u2014\u2014\u2014\u2014\u2014\u2014\u2014\u2014\u2013<\/p>\n<p><strong>El libro de mis dibujos de la Acampada de Sol<\/strong><strong> p<a href=\"http:\/\/librosdeblur.blogspot.com\/2011\/07\/cuaderno-de-sol_12.html\" target=\"_blank\">uede verse \u00edntegro aqu\u00ed<\/a><a href=\"http:\/\/librosdeblur.blogspot.com\/2011\/07\/cuaderno-de-sol_12.html\" target=\"_blank\"> <\/a>.<\/strong><br \/>\nAqu\u00ed <a href=\"http:\/\/www.4ojos.com\/blog\/?tag=15m\" target=\"_blank\"><strong>pod\u00e9is ver\/descargar el resto de mis dibujos sobre el 15M<\/strong><\/a><strong><a href=\"http:\/\/www.4ojos.com\/blog\/?tag=15m\" target=\"_blank\"><strong>.<\/strong><\/a><\/strong><br \/>\n<a href=\"http:\/\/www.4ojos.com\/blog\/?page_id=53\" target=\"_blank\"><strong>Algo de eco de esta serie de dibujos.<\/strong><\/a><\/p>\n","protected":false},"excerpt":{"rendered":"<p>El Excelent\u00edsmo Ayuntamiento de Madrid nos da una muestra m\u00e1s de su bajeza anunciando una macroterraza de 400 metros cuadrados en la Puerta del Sol. Tras las ocupaciones de las anta\u00f1o plazas p\u00fablicas de Santa Ana, Callao o Jacinto Benaventa ahora apuntan al kil\u00f3metro cero. Todo por la pasta. Muchos vecinos airados han protestado esta [&hellip;]<\/p>\n","protected":false},"author":1,"featured_media":0,"comment_status":"open","ping_status":"open","sticky":false,"template":"","format":"standard","meta":{"ngg_post_thumbnail":0},"categories":[13],"tags":[208,78],"_links":{"self":[{"href":"https:\/\/www.4ojos.com\/blog\/index.php?rest_route=\/wp\/v2\/posts\/9945"}],"collection":[{"href":"https:\/\/www.4ojos.com\/blog\/index.php?rest_route=\/wp\/v2\/posts"}],"about":[{"href":"https:\/\/www.4ojos.com\/blog\/index.php?rest_route=\/wp\/v2\/types\/post"}],"author":[{"embeddable":true,"href":"https:\/\/www.4ojos.com\/blog\/index.php?rest_route=\/wp\/v2\/users\/1"}],"replies":[{"embeddable":true,"href":"https:\/\/www.4ojos.com\/blog\/index.php?rest_route=%2Fwp%2Fv2%2Fcomments&post=9945"}],"version-history":[{"count":10,"href":"https:\/\/www.4ojos.com\/blog\/index.php?rest_route=\/wp\/v2\/posts\/9945\/revisions"}],"predecessor-version":[{"id":9960,"href":"https:\/\/www.4ojos.com\/blog\/index.php?rest_route=\/wp\/v2\/posts\/9945\/revisions\/9960"}],"wp:attachment":[{"href":"https:\/\/www.4ojos.com\/blog\/index.php?rest_route=%2Fwp%2Fv2%2Fmedia&parent=9945"}],"wp:term":[{"taxonomy":"category","embeddable":true,"href":"https:\/\/www.4ojos.com\/blog\/index.php?rest_route=%2Fwp%2Fv2%2Fcategories&post=9945"},{"taxonomy":"post_tag","embeddable":true,"href":"https:\/\/www.4ojos.com\/blog\/index.php?rest_route=%2Fwp%2Fv2%2Ftags&post=9945"}],"curies":[{"name":"wp","href":"https:\/\/api.w.org\/{rel}","templated":true}]}}