{"id":9871,"date":"2013-03-09T01:13:17","date_gmt":"2013-03-08T23:13:17","guid":{"rendered":"http:\/\/www.4ojos.com\/blog\/?p=9871"},"modified":"2013-03-09T13:00:03","modified_gmt":"2013-03-09T11:00:03","slug":"mani-del-8-de-marzo","status":"publish","type":"post","link":"https:\/\/www.4ojos.com\/blog\/?p=9871","title":{"rendered":"mani del 8 de marzo"},"content":{"rendered":"<p><a href=\"http:\/\/www.4ojos.com\/blog\/imagenes\/actualidad\/15M-mani8-3-13-001.jpg\"><img loading=\"lazy\" class=\"alignnone\" src=\"http:\/\/www.4ojos.com\/blog\/imagenes\/actualidad\/15M-mani8-3-13-001.jpg\" alt=\"\" width=\"700\" height=\"510\" \/><\/a><\/p>\n<p>Much\u00edsima gente a pesar de la lluvia y, sorpresa, un recorrido a contracorriente que por una vez no ha terminado ni en Sol ni en Neptuno, sino en Cibeles. Me gustan estos cambios de costumbres, estas consignas nuevas y esta gente a mi lado.<br \/>\nMe resulta muy curioso que sean tan diferentes el dia del orgullo gay y la manifestaci\u00f3n del 8 de marzo, tan carnavalera y descafeinada aquella, tan pol\u00edtica y reivindicativa \u00e9sta.<\/p>\n<p>Algunas fotos <a href=\"https:\/\/www.facebook.com\/media\/set\/?set=a.423986701026693.1073741825.100002461009959&amp;type=3&amp;l=7354df7ea6\" target=\"_blank\"><strong>aqu\u00ed.<\/strong><\/a><\/p>\n<p>Fotos de Juan Zarza,<a href=\"http:\/\/www.juanmartinzarza.com\/press\/?gallery=manifestacion-feminista-08-03-2013\" target=\"_blank\"><strong> aqu\u00ed.<\/strong><\/a><\/p>\n<p><a href=\"http:\/\/www.4ojos.com\/blog\/imagenes\/actualidad\/15M-mani8-3-13-002.jpg\"><img loading=\"lazy\" class=\"alignnone\" src=\"http:\/\/www.4ojos.com\/blog\/imagenes\/actualidad\/15M-mani8-3-13-002.jpg\" alt=\"\" width=\"700\" height=\"510\" \/><\/a><br \/>\n<a href=\"http:\/\/www.4ojos.com\/blog\/imagenes\/actualidad\/15M-mani8-3-13-003.jpg\"><img loading=\"lazy\" class=\"alignnone\" src=\"http:\/\/www.4ojos.com\/blog\/imagenes\/actualidad\/15M-mani8-3-13-003.jpg\" alt=\"\" width=\"700\" height=\"510\" \/><\/a><br \/>\n<a href=\"http:\/\/www.4ojos.com\/blog\/imagenes\/actualidad\/15M-mani8-3-13-004.jpg\"><img loading=\"lazy\" class=\"alignnone\" src=\"http:\/\/www.4ojos.com\/blog\/imagenes\/actualidad\/15M-mani8-3-13-004.jpg\" alt=\"\" width=\"700\" height=\"510\" \/><\/a><\/p>\n<p>\u2014\u2014\u2014\u2014\u2014\u2014\u2014\u2014\u2014\u2014\u2013<\/p>\n<p><strong>El libro de mis dibujos de la Acampada de Sol<\/strong><strong> p<a href=\"http:\/\/librosdeblur.blogspot.com\/2011\/07\/cuaderno-de-sol_12.html\" target=\"_blank\">uede verse \u00edntegro aqu\u00ed<\/a><a href=\"http:\/\/librosdeblur.blogspot.com\/2011\/07\/cuaderno-de-sol_12.html\" target=\"_blank\"> <\/a>.<\/strong><br \/>\nAqu\u00ed <a href=\"http:\/\/www.4ojos.com\/blog\/?tag=15m\" target=\"_blank\"><strong>pod\u00e9is ver\/descargar el resto de mis dibujos sobre el 15M<\/strong><\/a><strong><a href=\"http:\/\/www.4ojos.com\/blog\/?tag=15m\" target=\"_blank\"><strong>.<\/strong><\/a><\/strong><br \/>\n<a href=\"http:\/\/www.4ojos.com\/blog\/?page_id=53\" target=\"_blank\"><strong>Algo de eco de esta serie de dibujos.<\/strong><\/a><\/p>\n","protected":false},"excerpt":{"rendered":"<p>Much\u00edsima gente a pesar de la lluvia y, sorpresa, un recorrido a contracorriente que por una vez no ha terminado ni en Sol ni en Neptuno, sino en Cibeles. Me gustan estos cambios de costumbres, estas consignas nuevas y esta gente a mi lado. Me resulta muy curioso que sean tan diferentes el dia del [&hellip;]<\/p>\n","protected":false},"author":1,"featured_media":0,"comment_status":"open","ping_status":"open","sticky":false,"template":"","format":"standard","meta":{"ngg_post_thumbnail":0},"categories":[13],"tags":[208,78,117],"_links":{"self":[{"href":"https:\/\/www.4ojos.com\/blog\/index.php?rest_route=\/wp\/v2\/posts\/9871"}],"collection":[{"href":"https:\/\/www.4ojos.com\/blog\/index.php?rest_route=\/wp\/v2\/posts"}],"about":[{"href":"https:\/\/www.4ojos.com\/blog\/index.php?rest_route=\/wp\/v2\/types\/post"}],"author":[{"embeddable":true,"href":"https:\/\/www.4ojos.com\/blog\/index.php?rest_route=\/wp\/v2\/users\/1"}],"replies":[{"embeddable":true,"href":"https:\/\/www.4ojos.com\/blog\/index.php?rest_route=%2Fwp%2Fv2%2Fcomments&post=9871"}],"version-history":[{"count":5,"href":"https:\/\/www.4ojos.com\/blog\/index.php?rest_route=\/wp\/v2\/posts\/9871\/revisions"}],"predecessor-version":[{"id":9876,"href":"https:\/\/www.4ojos.com\/blog\/index.php?rest_route=\/wp\/v2\/posts\/9871\/revisions\/9876"}],"wp:attachment":[{"href":"https:\/\/www.4ojos.com\/blog\/index.php?rest_route=%2Fwp%2Fv2%2Fmedia&parent=9871"}],"wp:term":[{"taxonomy":"category","embeddable":true,"href":"https:\/\/www.4ojos.com\/blog\/index.php?rest_route=%2Fwp%2Fv2%2Fcategories&post=9871"},{"taxonomy":"post_tag","embeddable":true,"href":"https:\/\/www.4ojos.com\/blog\/index.php?rest_route=%2Fwp%2Fv2%2Ftags&post=9871"}],"curies":[{"name":"wp","href":"https:\/\/api.w.org\/{rel}","templated":true}]}}