{"id":9533,"date":"2013-01-20T00:01:19","date_gmt":"2013-01-19T22:01:19","guid":{"rendered":"http:\/\/www.4ojos.com\/blog\/?p=9533"},"modified":"2013-01-20T14:08:57","modified_gmt":"2013-01-20T12:08:57","slug":"yo-si","status":"publish","type":"post","link":"https:\/\/www.4ojos.com\/blog\/?p=9533","title":{"rendered":"yo s\u00ed"},"content":{"rendered":"<p><a href=\"http:\/\/www.4ojos.com\/blog\/imagenes\/actualidad\/15M-yo-si-001.jpg\"><img loading=\"lazy\" class=\"alignnone\" src=\"http:\/\/www.4ojos.com\/blog\/imagenes\/actualidad\/15M-yo-si-001.jpg\" alt=\"\" width=\"700\" height=\"510\" \/><\/a><\/p>\n<p>Entrada dedicada a los que dicen que el 15M se ha disuelto o que no ha valido para nada. He asistido a una reuni\u00f3n del grupo &#8220;Yo S\u00ed Sanidad Universal&#8221;, que lucha por que el sistema nacional de salud no excluya a nadie. Los migrantes est\u00e1n siendo las primeras v\u00edctimas de una perversi\u00f3n legal y este grupo de personas, muchos de ellos profesionales de la salud, est\u00e1 empe\u00f1ado en primero mitigar y luego revertir esa injusticia.<\/p>\n<p><strong>Os recomiendo visitar l<\/strong>a web del grupo, <a href=\"http:\/\/yosisanidaduniversal.net\/portada.php\" target=\"_blank\"><strong>aqu\u00ed<\/strong><\/a> y participar en algunas de <a href=\"http:\/\/yosisanidaduniversal.net\/actua.php\" target=\"_blank\"><strong>sus actividades<\/strong><\/a>, como por ejemplo formar parte de uno de los muchos grupos de acompa\u00f1amiento que acompa\u00f1an a gente indefensa a centros de salud y hospitales.<\/p>\n<p><a href=\"http:\/\/www.4ojos.com\/blog\/imagenes\/actualidad\/15M-yo-si-002.jpg\"><img loading=\"lazy\" class=\"alignnone\" src=\"http:\/\/www.4ojos.com\/blog\/imagenes\/actualidad\/15M-yo-si-002.jpg\" alt=\"\" width=\"700\" height=\"510\" \/><\/a><\/p>\n<p><a href=\"http:\/\/www.4ojos.com\/blog\/imagenes\/actualidad\/15M-yo-si-003.jpg\"><img loading=\"lazy\" class=\"alignnone\" src=\"http:\/\/www.4ojos.com\/blog\/imagenes\/actualidad\/15M-yo-si-003.jpg\" alt=\"\" width=\"700\" height=\"510\" \/><\/a><\/p>\n<p><a href=\"http:\/\/www.4ojos.com\/blog\/imagenes\/actualidad\/15M-yo-si-004.jpg\"><img loading=\"lazy\" class=\"alignnone\" src=\"http:\/\/www.4ojos.com\/blog\/imagenes\/actualidad\/15M-yo-si-004.jpg\" alt=\"\" width=\"700\" height=\"510\" \/><\/a><\/p>\n<p><a href=\"http:\/\/www.4ojos.com\/blog\/imagenes\/actualidad\/15M-yo-si-006.jpg\"><img loading=\"lazy\" class=\"alignnone\" src=\"http:\/\/www.4ojos.com\/blog\/imagenes\/actualidad\/15M-yo-si-006.jpg\" alt=\"\" width=\"700\" height=\"510\" \/><\/a><\/p>\n<p>\u2014\u2014\u2014\u2014\u2014\u2014\u2014\u2014\u2014\u2014\u2013<\/p>\n<p><strong>El libro de mis dibujos de la Acampada de Sol<\/strong><strong> p<a href=\"http:\/\/librosdeblur.blogspot.com\/2011\/07\/cuaderno-de-sol_12.html\" target=\"_blank\">uede verse \u00edntegro aqu\u00ed<\/a><a href=\"http:\/\/librosdeblur.blogspot.com\/2011\/07\/cuaderno-de-sol_12.html\" target=\"_blank\"> <\/a>.<\/strong><br \/>\nAqu\u00ed <a href=\"http:\/\/www.4ojos.com\/blog\/?tag=15m\" target=\"_blank\"><strong>pod\u00e9is ver\/descargar el resto de mis dibujos sobre el 15M<\/strong><\/a><strong><a href=\"http:\/\/www.4ojos.com\/blog\/?tag=15m\" target=\"_blank\"><strong>.<\/strong><\/a><\/strong><br \/>\n<a href=\"http:\/\/www.4ojos.com\/blog\/?page_id=53\" target=\"_blank\"><strong>Algo de eco de esta serie de dibujos.<\/strong><\/a><\/p>\n","protected":false},"excerpt":{"rendered":"<p>Entrada dedicada a los que dicen que el 15M se ha disuelto o que no ha valido para nada. He asistido a una reuni\u00f3n del grupo &#8220;Yo S\u00ed Sanidad Universal&#8221;, que lucha por que el sistema nacional de salud no excluya a nadie. Los migrantes est\u00e1n siendo las primeras v\u00edctimas de una perversi\u00f3n legal y [&hellip;]<\/p>\n","protected":false},"author":1,"featured_media":0,"comment_status":"open","ping_status":"open","sticky":false,"template":"","format":"standard","meta":{"ngg_post_thumbnail":0},"categories":[13],"tags":[208,78],"_links":{"self":[{"href":"https:\/\/www.4ojos.com\/blog\/index.php?rest_route=\/wp\/v2\/posts\/9533"}],"collection":[{"href":"https:\/\/www.4ojos.com\/blog\/index.php?rest_route=\/wp\/v2\/posts"}],"about":[{"href":"https:\/\/www.4ojos.com\/blog\/index.php?rest_route=\/wp\/v2\/types\/post"}],"author":[{"embeddable":true,"href":"https:\/\/www.4ojos.com\/blog\/index.php?rest_route=\/wp\/v2\/users\/1"}],"replies":[{"embeddable":true,"href":"https:\/\/www.4ojos.com\/blog\/index.php?rest_route=%2Fwp%2Fv2%2Fcomments&post=9533"}],"version-history":[{"count":5,"href":"https:\/\/www.4ojos.com\/blog\/index.php?rest_route=\/wp\/v2\/posts\/9533\/revisions"}],"predecessor-version":[{"id":9542,"href":"https:\/\/www.4ojos.com\/blog\/index.php?rest_route=\/wp\/v2\/posts\/9533\/revisions\/9542"}],"wp:attachment":[{"href":"https:\/\/www.4ojos.com\/blog\/index.php?rest_route=%2Fwp%2Fv2%2Fmedia&parent=9533"}],"wp:term":[{"taxonomy":"category","embeddable":true,"href":"https:\/\/www.4ojos.com\/blog\/index.php?rest_route=%2Fwp%2Fv2%2Fcategories&post=9533"},{"taxonomy":"post_tag","embeddable":true,"href":"https:\/\/www.4ojos.com\/blog\/index.php?rest_route=%2Fwp%2Fv2%2Ftags&post=9533"}],"curies":[{"name":"wp","href":"https:\/\/api.w.org\/{rel}","templated":true}]}}