{"id":7906,"date":"2012-06-26T10:22:14","date_gmt":"2012-06-26T08:22:14","guid":{"rendered":"http:\/\/www.4ojos.com\/blog\/?p=7906"},"modified":"2012-06-26T10:22:14","modified_gmt":"2012-06-26T08:22:14","slug":"arcadi-oliveres","status":"publish","type":"post","link":"https:\/\/www.4ojos.com\/blog\/?p=7906","title":{"rendered":"arcadi oliveres"},"content":{"rendered":"<p><a href=\"http:\/\/www.4ojos.com\/blog\/imagenes\/varios\/arcadi-oliveres001.jpg\"><img loading=\"lazy\" class=\"alignnone\" src=\"http:\/\/www.4ojos.com\/blog\/imagenes\/varios\/arcadi-oliveres001.jpg\" alt=\"\" width=\"700\" height=\"347\" \/><\/a><br \/>\n<a href=\"http:\/\/www.4ojos.com\/blog\/imagenes\/varios\/arcadi-oliveres002.jpg\"><img loading=\"lazy\" class=\"alignnone\" src=\"http:\/\/www.4ojos.com\/blog\/imagenes\/varios\/arcadi-oliveres002.jpg\" alt=\"\" width=\"700\" height=\"347\" \/><\/a><\/p>\n<p>Ayer estuve en la librer\u00eda <a href=\"http:\/\/lamarabunta.info\/\" target=\"_blank\"><strong>La Marabunta<\/strong><\/a> para escuchar al economista <a href=\"http:\/\/es.wikipedia.org\/wiki\/Arcadi_Oliveres\" target=\"_blank\"><strong>Arcadi Oliveres,<\/strong><\/a> que presentaba un libro junto a mi amigo <a href=\"http:\/\/lamarabunta.info\/\" target=\"_blank\"><a href=\"http:\/\/periodismohumano.com\/autor\/javierbauluz\" target=\"_blank\"><strong>Javier Bauluz<\/strong><\/a><\/a>, que dej\u00f3 un rato a<a href=\"http:\/\/periodismohumano.com\/economia\/los-mineros-marchan-sobre-madrid.html\" target=\"_blank\"><strong> la marcha de los mineros<\/strong><\/a> para venirse a pasar calor a Madrid. Los que os lo perd\u00edsteis pod\u00e9is (y deb\u00e9is) ver un mont\u00f3n de charlas de Oliveres <a href=\"http:\/\/www.youtube.com\/results?search_query=arcadi+oliveres&amp;oq=arcadi+oliveres&amp;aq=f&amp;aqi=&amp;aql=&amp;gs_l=youtube.3...919.919.0.1342.1.1.0.0.0.0.0.0..0.0...0.0.\" target=\"_blank\"><strong>aqu\u00ed<\/strong><\/a>.<\/p>\n","protected":false},"excerpt":{"rendered":"<p>Ayer estuve en la librer\u00eda La Marabunta para escuchar al economista Arcadi Oliveres, que presentaba un libro junto a mi amigo Javier Bauluz, que dej\u00f3 un rato a la marcha de los mineros para venirse a pasar calor a Madrid. Los que os lo perd\u00edsteis pod\u00e9is (y deb\u00e9is) ver un mont\u00f3n de charlas de Oliveres [&hellip;]<\/p>\n","protected":false},"author":1,"featured_media":0,"comment_status":"open","ping_status":"open","sticky":false,"template":"","format":"standard","meta":{"ngg_post_thumbnail":0},"categories":[13,12],"tags":[78,184],"_links":{"self":[{"href":"https:\/\/www.4ojos.com\/blog\/index.php?rest_route=\/wp\/v2\/posts\/7906"}],"collection":[{"href":"https:\/\/www.4ojos.com\/blog\/index.php?rest_route=\/wp\/v2\/posts"}],"about":[{"href":"https:\/\/www.4ojos.com\/blog\/index.php?rest_route=\/wp\/v2\/types\/post"}],"author":[{"embeddable":true,"href":"https:\/\/www.4ojos.com\/blog\/index.php?rest_route=\/wp\/v2\/users\/1"}],"replies":[{"embeddable":true,"href":"https:\/\/www.4ojos.com\/blog\/index.php?rest_route=%2Fwp%2Fv2%2Fcomments&post=7906"}],"version-history":[{"count":1,"href":"https:\/\/www.4ojos.com\/blog\/index.php?rest_route=\/wp\/v2\/posts\/7906\/revisions"}],"predecessor-version":[{"id":7907,"href":"https:\/\/www.4ojos.com\/blog\/index.php?rest_route=\/wp\/v2\/posts\/7906\/revisions\/7907"}],"wp:attachment":[{"href":"https:\/\/www.4ojos.com\/blog\/index.php?rest_route=%2Fwp%2Fv2%2Fmedia&parent=7906"}],"wp:term":[{"taxonomy":"category","embeddable":true,"href":"https:\/\/www.4ojos.com\/blog\/index.php?rest_route=%2Fwp%2Fv2%2Fcategories&post=7906"},{"taxonomy":"post_tag","embeddable":true,"href":"https:\/\/www.4ojos.com\/blog\/index.php?rest_route=%2Fwp%2Fv2%2Ftags&post=7906"}],"curies":[{"name":"wp","href":"https:\/\/api.w.org\/{rel}","templated":true}]}}