{"id":7889,"date":"2012-06-24T16:41:15","date_gmt":"2012-06-24T14:41:15","guid":{"rendered":"http:\/\/www.4ojos.com\/blog\/?p=7889"},"modified":"2012-06-28T19:32:06","modified_gmt":"2012-06-28T17:32:06","slug":"murales-del-agua-1","status":"publish","type":"post","link":"https:\/\/www.4ojos.com\/blog\/?p=7889","title":{"rendered":"murales del agua \/ 1"},"content":{"rendered":"<p><a href=\"http:\/\/madrid.tomalaplaza.net\/2012\/06\/28\/fotogaleria-murales-del-agua\/\" target=\"_blank\"><strong>.<\/strong><\/a><a href=\"http:\/\/www.4ojos.com\/blog\/imagenes\/actualidad\/15M-murales-agua-001.jpg\"><img loading=\"lazy\" class=\"alignnone\" src=\"http:\/\/www.4ojos.com\/blog\/imagenes\/actualidad\/15M-murales-agua-001.jpg\" alt=\"\" width=\"700\" height=\"347\" \/><\/a><br \/>\n<a href=\"http:\/\/www.4ojos.com\/blog\/imagenes\/actualidad\/15M-murales-agua-002.jpg\"><img loading=\"lazy\" class=\"alignnone\" src=\"http:\/\/www.4ojos.com\/blog\/imagenes\/actualidad\/15M-murales-agua-002.jpg\" alt=\"\" width=\"700\" height=\"347\" \/><\/a><\/p>\n<p>Esta ma\u00f1ana se han instalado en todo Madrid unos 150 murales del agua en los que la ciudadan\u00eda ha dicho por escrito lo que le parece que intenten privatizar el Canal de Isabel II. Los dibujos de arriba reflejan los de la Glorieta de Embajadores y la Plaza de Lavapi\u00e9s.<\/p>\n<p>M\u00e1s informaci\u00f3n en:<\/p>\n<p><a href=\"http:\/\/www.porelagua.es\/\" target=\"_blank\">www.porelagua<\/a><\/p>\n<p><a href=\"http:\/\/www.porelagua.es\/content.php?pageid=16\" target=\"_blank\">Murales del Agua: Protocolo de participaci\u00f3n<\/a><\/p>\n<p><a href=\"http:\/\/plataformacontralaprivatizaciondelcyii.org\/MURALES_AGUA.htm\" target=\"_blank\"><strong>Plataforma contra la privatizacion del CYII<\/strong><\/a><\/p>\n<p>Fotos de las cuartillas, a buen tama\u00f1o para poder ser le\u00eddas, <a href=\"http:\/\/www.4ojos.com\/blog\/?p=7891\" target=\"_blank\"><strong>aqu\u00ed.<\/strong><\/a><\/p>\n<p>Muchas m\u00e1s fotos en el <a href=\"https:\/\/www.facebook.com\/AguaPublica15M\" target=\"_blank\"><strong>FB de AguaP\u00fablica15M. <\/strong><\/a>en su <a href=\"https:\/\/plus.google.com\/photos\/113603252383774834648\/albums\/5758641999377716609\" target=\"_blank\"><strong>G+<\/strong><\/a> y en<strong> <\/strong><a href=\"http:\/\/madrid.tomalaplaza.net\/2012\/06\/28\/fotogaleria-murales-del-agua\/\" target=\"_blank\"><strong>Tomalaplaza.<\/strong><\/a><\/p>\n","protected":false},"excerpt":{"rendered":"<p>. Esta ma\u00f1ana se han instalado en todo Madrid unos 150 murales del agua en los que la ciudadan\u00eda ha dicho por escrito lo que le parece que intenten privatizar el Canal de Isabel II. Los dibujos de arriba reflejan los de la Glorieta de Embajadores y la Plaza de Lavapi\u00e9s. M\u00e1s informaci\u00f3n en: www.porelagua [&hellip;]<\/p>\n","protected":false},"author":1,"featured_media":0,"comment_status":"open","ping_status":"open","sticky":false,"template":"","format":"standard","meta":{"ngg_post_thumbnail":0},"categories":[13],"tags":[208,78],"_links":{"self":[{"href":"https:\/\/www.4ojos.com\/blog\/index.php?rest_route=\/wp\/v2\/posts\/7889"}],"collection":[{"href":"https:\/\/www.4ojos.com\/blog\/index.php?rest_route=\/wp\/v2\/posts"}],"about":[{"href":"https:\/\/www.4ojos.com\/blog\/index.php?rest_route=\/wp\/v2\/types\/post"}],"author":[{"embeddable":true,"href":"https:\/\/www.4ojos.com\/blog\/index.php?rest_route=\/wp\/v2\/users\/1"}],"replies":[{"embeddable":true,"href":"https:\/\/www.4ojos.com\/blog\/index.php?rest_route=%2Fwp%2Fv2%2Fcomments&post=7889"}],"version-history":[{"count":6,"href":"https:\/\/www.4ojos.com\/blog\/index.php?rest_route=\/wp\/v2\/posts\/7889\/revisions"}],"predecessor-version":[{"id":7892,"href":"https:\/\/www.4ojos.com\/blog\/index.php?rest_route=\/wp\/v2\/posts\/7889\/revisions\/7892"}],"wp:attachment":[{"href":"https:\/\/www.4ojos.com\/blog\/index.php?rest_route=%2Fwp%2Fv2%2Fmedia&parent=7889"}],"wp:term":[{"taxonomy":"category","embeddable":true,"href":"https:\/\/www.4ojos.com\/blog\/index.php?rest_route=%2Fwp%2Fv2%2Fcategories&post=7889"},{"taxonomy":"post_tag","embeddable":true,"href":"https:\/\/www.4ojos.com\/blog\/index.php?rest_route=%2Fwp%2Fv2%2Ftags&post=7889"}],"curies":[{"name":"wp","href":"https:\/\/api.w.org\/{rel}","templated":true}]}}