{"id":7119,"date":"2012-03-10T23:23:36","date_gmt":"2012-03-10T21:23:36","guid":{"rendered":"http:\/\/www.4ojos.com\/blog\/?p=7119"},"modified":"2012-03-11T19:11:16","modified_gmt":"2012-03-11T17:11:16","slug":"semana-de-la-vivienda","status":"publish","type":"post","link":"https:\/\/www.4ojos.com\/blog\/?p=7119","title":{"rendered":"semana de la vivienda"},"content":{"rendered":"<p><a href=\"http:\/\/www.4ojos.com\/blog\/imagenes\/actualidad\/15M-fiesta-vivienda001.jpg\"><img loading=\"lazy\" class=\"alignnone\" src=\"http:\/\/www.4ojos.com\/blog\/imagenes\/actualidad\/15M-fiesta-vivienda001.jpg\" alt=\"\" width=\"700\" height=\"360\" \/><\/a><br \/>\n<a href=\"http:\/\/www.4ojos.com\/blog\/imagenes\/actualidad\/15M-fiesta-vivienda003.jpg\"><img loading=\"lazy\" class=\"alignnone\" src=\"http:\/\/www.4ojos.com\/blog\/imagenes\/actualidad\/15M-fiesta-vivienda003.jpg\" alt=\"\" width=\"700\" height=\"360\" \/><\/a><br \/>\n<a href=\"http:\/\/www.4ojos.com\/blog\/imagenes\/actualidad\/15M-fiesta-vivienda004.jpg\"><img loading=\"lazy\" class=\"alignnone\" src=\"http:\/\/www.4ojos.com\/blog\/imagenes\/actualidad\/15M-fiesta-vivienda004.jpg\" alt=\"\" width=\"700\" height=\"360\" \/><\/a><br \/>\n<a href=\"http:\/\/www.4ojos.com\/blog\/imagenes\/actualidad\/15M-fiesta-vivienda005.jpg\"><img loading=\"lazy\" class=\"alignnone\" src=\"http:\/\/www.4ojos.com\/blog\/imagenes\/actualidad\/15M-fiesta-vivienda005.jpg\" alt=\"\" width=\"700\" height=\"360\" \/><\/a><\/p>\n<p>Ayer arranc\u00f3 la &#8220;semana de la vivienda&#8221; con una fiesta en <a href=\"http:\/\/www.csocasablanca.org\/\" target=\"_blank\"><strong>Casablanca <\/strong><\/a>en la que se sorte\u00f3 una casa. Para que despu\u00e9s digan que hay crisis&#8230;<\/p>\n<p>El cartel <a href=\"https:\/\/www.facebook.com\/photo.php?fbid=314757738585320&amp;set=a.314757728585321.75386.313953798665714&amp;type=1&amp;theater\" target=\"_blank\"><strong>aqu\u00ed.<\/strong><\/a> La mani, el pr\u00f3ximo 25<\/p>\n<p>+ info en la <a href=\"http:\/\/oficinavivienda.net\/\" target=\"_blank\"><strong>oficina de la vivienda<\/strong><\/a>, en <a href=\"http:\/\/madrid.vdevivienda.net\/\" target=\"_blank\"><strong>v de vivienda <\/strong><\/a>y en en la<a href=\"http:\/\/afectadosporlahipotecamadrid.net\/\" target=\"_blank\"><strong> Plataforma de afectados.<\/strong><\/a><\/p>\n","protected":false},"excerpt":{"rendered":"<p>Ayer arranc\u00f3 la &#8220;semana de la vivienda&#8221; con una fiesta en Casablanca en la que se sorte\u00f3 una casa. Para que despu\u00e9s digan que hay crisis&#8230; El cartel aqu\u00ed. La mani, el pr\u00f3ximo 25 + info en la oficina de la vivienda, en v de vivienda y en en la Plataforma de afectados.<\/p>\n","protected":false},"author":1,"featured_media":0,"comment_status":"open","ping_status":"open","sticky":false,"template":"","format":"standard","meta":{"ngg_post_thumbnail":0},"categories":[13],"tags":[208,78],"_links":{"self":[{"href":"https:\/\/www.4ojos.com\/blog\/index.php?rest_route=\/wp\/v2\/posts\/7119"}],"collection":[{"href":"https:\/\/www.4ojos.com\/blog\/index.php?rest_route=\/wp\/v2\/posts"}],"about":[{"href":"https:\/\/www.4ojos.com\/blog\/index.php?rest_route=\/wp\/v2\/types\/post"}],"author":[{"embeddable":true,"href":"https:\/\/www.4ojos.com\/blog\/index.php?rest_route=\/wp\/v2\/users\/1"}],"replies":[{"embeddable":true,"href":"https:\/\/www.4ojos.com\/blog\/index.php?rest_route=%2Fwp%2Fv2%2Fcomments&post=7119"}],"version-history":[{"count":2,"href":"https:\/\/www.4ojos.com\/blog\/index.php?rest_route=\/wp\/v2\/posts\/7119\/revisions"}],"predecessor-version":[{"id":7126,"href":"https:\/\/www.4ojos.com\/blog\/index.php?rest_route=\/wp\/v2\/posts\/7119\/revisions\/7126"}],"wp:attachment":[{"href":"https:\/\/www.4ojos.com\/blog\/index.php?rest_route=%2Fwp%2Fv2%2Fmedia&parent=7119"}],"wp:term":[{"taxonomy":"category","embeddable":true,"href":"https:\/\/www.4ojos.com\/blog\/index.php?rest_route=%2Fwp%2Fv2%2Fcategories&post=7119"},{"taxonomy":"post_tag","embeddable":true,"href":"https:\/\/www.4ojos.com\/blog\/index.php?rest_route=%2Fwp%2Fv2%2Ftags&post=7119"}],"curies":[{"name":"wp","href":"https:\/\/api.w.org\/{rel}","templated":true}]}}