{"id":7097,"date":"2012-03-09T23:49:05","date_gmt":"2012-03-09T21:49:05","guid":{"rendered":"http:\/\/www.4ojos.com\/blog\/?p=7097"},"modified":"2012-03-09T23:49:05","modified_gmt":"2012-03-09T21:49:05","slug":"fotografia-indignada","status":"publish","type":"post","link":"https:\/\/www.4ojos.com\/blog\/?p=7097","title":{"rendered":"fotograf\u00eda indignada"},"content":{"rendered":"<p><strong><a href=\"http:\/\/www.4ojos.com\/blog\/imagenes\/actualidad\/15M-expo-fotos.jpg\"><img loading=\"lazy\" class=\"alignnone\" src=\"http:\/\/www.4ojos.com\/blog\/imagenes\/actualidad\/15M-expo-fotos.jpg\" alt=\"\" width=\"700\" height=\"837\" \/><\/a><\/strong> <a title=\"Real Sociedad de Fotograf\u00eda \" href=\"http:\/\/www.rsf.es\/index.php?option=com_content&amp;task=view&amp;id=604&amp;Itemid=47\" target=\"_blank\">Hasta el 13 de marzo <strong>puede visitarse la exposici\u00f3n de fotograf\u00eda<\/strong> <em><strong>Spanish Revolution<\/strong><\/em><\/a> en la <a title=\"D\u00f3nde estamos RSF\" href=\"http:\/\/www.rsf.es\/index.php?option=com_content&amp;task=view&amp;id=26&amp;Itemid=23\" target=\"_blank\"><strong>Real Sociedad Fotogr\u00e1fica<\/strong><\/a>, C\/ Tres Peces, 2. La muestra se organiza en torno a 5 ejes: <strong>Acampada Sol<\/strong>, <strong>Asambleas<\/strong>, <strong>Manifestaciones<\/strong>, <strong>Carteles<\/strong> y <strong>No Violencia.<\/strong> (L \u2013 V: 18:30 \u2013 21:30 y S\u00e1bados: 11:00 \u2013 14:00)<\/p>\n","protected":false},"excerpt":{"rendered":"<p>Hasta el 13 de marzo puede visitarse la exposici\u00f3n de fotograf\u00eda Spanish Revolution en la Real Sociedad Fotogr\u00e1fica, C\/ Tres Peces, 2. La muestra se organiza en torno a 5 ejes: Acampada Sol, Asambleas, Manifestaciones, Carteles y No Violencia. (L \u2013 V: 18:30 \u2013 21:30 y S\u00e1bados: 11:00 \u2013 14:00)<\/p>\n","protected":false},"author":1,"featured_media":0,"comment_status":"open","ping_status":"open","sticky":false,"template":"","format":"standard","meta":{"ngg_post_thumbnail":0},"categories":[12],"tags":[208,56,52],"_links":{"self":[{"href":"https:\/\/www.4ojos.com\/blog\/index.php?rest_route=\/wp\/v2\/posts\/7097"}],"collection":[{"href":"https:\/\/www.4ojos.com\/blog\/index.php?rest_route=\/wp\/v2\/posts"}],"about":[{"href":"https:\/\/www.4ojos.com\/blog\/index.php?rest_route=\/wp\/v2\/types\/post"}],"author":[{"embeddable":true,"href":"https:\/\/www.4ojos.com\/blog\/index.php?rest_route=\/wp\/v2\/users\/1"}],"replies":[{"embeddable":true,"href":"https:\/\/www.4ojos.com\/blog\/index.php?rest_route=%2Fwp%2Fv2%2Fcomments&post=7097"}],"version-history":[{"count":3,"href":"https:\/\/www.4ojos.com\/blog\/index.php?rest_route=\/wp\/v2\/posts\/7097\/revisions"}],"predecessor-version":[{"id":7116,"href":"https:\/\/www.4ojos.com\/blog\/index.php?rest_route=\/wp\/v2\/posts\/7097\/revisions\/7116"}],"wp:attachment":[{"href":"https:\/\/www.4ojos.com\/blog\/index.php?rest_route=%2Fwp%2Fv2%2Fmedia&parent=7097"}],"wp:term":[{"taxonomy":"category","embeddable":true,"href":"https:\/\/www.4ojos.com\/blog\/index.php?rest_route=%2Fwp%2Fv2%2Fcategories&post=7097"},{"taxonomy":"post_tag","embeddable":true,"href":"https:\/\/www.4ojos.com\/blog\/index.php?rest_route=%2Fwp%2Fv2%2Ftags&post=7097"}],"curies":[{"name":"wp","href":"https:\/\/api.w.org\/{rel}","templated":true}]}}