{"id":6997,"date":"2012-02-22T04:24:54","date_gmt":"2012-02-22T02:24:54","guid":{"rendered":"http:\/\/www.4ojos.com\/blog\/?p=6997"},"modified":"2012-02-22T18:13:40","modified_gmt":"2012-02-22T16:13:40","slug":"en-repulsa-por-el-sinsentido-de-valencia","status":"publish","type":"post","link":"https:\/\/www.4ojos.com\/blog\/?p=6997","title":{"rendered":"en repulsa por el sinsentido de valencia"},"content":{"rendered":"<p><a href=\"http:\/\/www.4ojos.com\/blog\/imagenes\/actualidad\/15M-mani 21-2-12-01.jpg\"><img loading=\"lazy\" class=\"alignnone\" src=\"http:\/\/www.4ojos.com\/blog\/imagenes\/actualidad\/15M-mani 21-2-12-01.jpg\" alt=\"\" width=\"700\" height=\"394\" \/><\/a><\/p>\n<p>Hoy he salido a la calle a manifestar mi repulsa, asco y verg\u00fcenza por lo que ha pasado estos \u00faltimos d\u00edas en Valencia. Los que no sep\u00e1is de qu\u00e9 hablo y teng\u00e1is est\u00f3mago para soportar estupidez, barbarie y sinsentido a partes iguales pod\u00e9is ver <a href=\"http:\/\/periodismohumano.com\/sociedad\/educacion\/protestas-por-la-actuacion-policial-contra-menores-en-valencia.html\" target=\"_blank\"><strong>estos v\u00eddeos.<\/strong><\/a><\/p>\n<p>Una interesante reflexi\u00f3n, <a href=\"http:\/\/madrid.tomalaplaza.net\/2012\/02\/22\/nueve-ideas-sobre-la-funcion-policial-en-nuestra-sociedad\/\" target=\"_blank\"><strong>aqu\u00ed.<\/strong><\/a><\/p>\n<p><a href=\"http:\/\/www.4ojos.com\/blog\/imagenes\/actualidad\/15M-mani 21-2-12-02.jpg\"><img loading=\"lazy\" class=\"alignnone\" src=\"http:\/\/www.4ojos.com\/blog\/imagenes\/actualidad\/15M-mani 21-2-12-02.jpg\" alt=\"\" width=\"700\" height=\"394\" \/><\/a><\/p>\n<p><a href=\"http:\/\/www.4ojos.com\/blog\/imagenes\/actualidad\/15M-mani 21-2-12-03.jpg\"><img loading=\"lazy\" class=\"alignnone\" src=\"http:\/\/www.4ojos.com\/blog\/imagenes\/actualidad\/15M-mani 21-2-12-03.jpg\" alt=\"\" width=\"700\" height=\"394\" \/><\/a><\/p>\n<p><a href=\"http:\/\/www.4ojos.com\/blog\/imagenes\/actualidad\/15M-mani 21-2-12-04.jpg\"><img loading=\"lazy\" class=\"alignnone\" src=\"http:\/\/www.4ojos.com\/blog\/imagenes\/actualidad\/15M-mani 21-2-12-04.jpg\" alt=\"\" width=\"700\" height=\"394\" \/><\/a><\/p>\n<p><a href=\"http:\/\/www.4ojos.com\/blog\/imagenes\/actualidad\/15M-mani 21-2-12-05.jpg\"><img loading=\"lazy\" class=\"alignnone\" src=\"http:\/\/www.4ojos.com\/blog\/imagenes\/actualidad\/15M-mani 21-2-12-05.jpg\" alt=\"\" width=\"700\" height=\"394\" \/><\/a><\/p>\n<p><a href=\"http:\/\/www.4ojos.com\/blog\/imagenes\/actualidad\/15M-mani 21-2-12-06.jpg\"><img loading=\"lazy\" class=\"alignnone\" src=\"http:\/\/www.4ojos.com\/blog\/imagenes\/actualidad\/15M-mani 21-2-12-06.jpg\" alt=\"\" width=\"700\" height=\"394\" \/><\/a><\/p>\n<p><a href=\"http:\/\/www.4ojos.com\/blog\/imagenes\/actualidad\/15M-mani 21-2-12-07.jpg\"><img loading=\"lazy\" class=\"alignnone\" src=\"http:\/\/www.4ojos.com\/blog\/imagenes\/actualidad\/15M-mani 21-2-12-07.jpg\" alt=\"\" width=\"700\" height=\"394\" \/><\/a><\/p>\n<p><a href=\"http:\/\/www.4ojos.com\/blog\/imagenes\/actualidad\/15M-mani 21-2-12-08.jpg\"><img loading=\"lazy\" class=\"alignnone\" src=\"http:\/\/www.4ojos.com\/blog\/imagenes\/actualidad\/15M-mani 21-2-12-08.jpg\" alt=\"\" width=\"700\" height=\"394\" \/><\/a><\/p>\n<p><a href=\"http:\/\/www.4ojos.com\/blog\/imagenes\/actualidad\/15M-mani 21-2-12-09.jpg\"><img loading=\"lazy\" class=\"alignnone\" src=\"http:\/\/www.4ojos.com\/blog\/imagenes\/actualidad\/15M-mani 21-2-12-09.jpg\" alt=\"\" width=\"700\" height=\"394\" \/><\/a><\/p>\n<p><a href=\"http:\/\/www.4ojos.com\/blog\/imagenes\/actualidad\/15M-mani 21-2-12-10.jpg\"><img loading=\"lazy\" class=\"alignnone\" src=\"http:\/\/www.4ojos.com\/blog\/imagenes\/actualidad\/15M-mani 21-2-12-10.jpg\" alt=\"\" width=\"700\" height=\"394\" \/><\/a><\/p>\n","protected":false},"excerpt":{"rendered":"<p>Hoy he salido a la calle a manifestar mi repulsa, asco y verg\u00fcenza por lo que ha pasado estos \u00faltimos d\u00edas en Valencia. Los que no sep\u00e1is de qu\u00e9 hablo y teng\u00e1is est\u00f3mago para soportar estupidez, barbarie y sinsentido a partes iguales pod\u00e9is ver estos v\u00eddeos. Una interesante reflexi\u00f3n, aqu\u00ed.<\/p>\n","protected":false},"author":1,"featured_media":0,"comment_status":"open","ping_status":"open","sticky":false,"template":"","format":"standard","meta":{"ngg_post_thumbnail":0},"categories":[13],"tags":[208,78,117],"_links":{"self":[{"href":"https:\/\/www.4ojos.com\/blog\/index.php?rest_route=\/wp\/v2\/posts\/6997"}],"collection":[{"href":"https:\/\/www.4ojos.com\/blog\/index.php?rest_route=\/wp\/v2\/posts"}],"about":[{"href":"https:\/\/www.4ojos.com\/blog\/index.php?rest_route=\/wp\/v2\/types\/post"}],"author":[{"embeddable":true,"href":"https:\/\/www.4ojos.com\/blog\/index.php?rest_route=\/wp\/v2\/users\/1"}],"replies":[{"embeddable":true,"href":"https:\/\/www.4ojos.com\/blog\/index.php?rest_route=%2Fwp%2Fv2%2Fcomments&post=6997"}],"version-history":[{"count":3,"href":"https:\/\/www.4ojos.com\/blog\/index.php?rest_route=\/wp\/v2\/posts\/6997\/revisions"}],"predecessor-version":[{"id":6999,"href":"https:\/\/www.4ojos.com\/blog\/index.php?rest_route=\/wp\/v2\/posts\/6997\/revisions\/6999"}],"wp:attachment":[{"href":"https:\/\/www.4ojos.com\/blog\/index.php?rest_route=%2Fwp%2Fv2%2Fmedia&parent=6997"}],"wp:term":[{"taxonomy":"category","embeddable":true,"href":"https:\/\/www.4ojos.com\/blog\/index.php?rest_route=%2Fwp%2Fv2%2Fcategories&post=6997"},{"taxonomy":"post_tag","embeddable":true,"href":"https:\/\/www.4ojos.com\/blog\/index.php?rest_route=%2Fwp%2Fv2%2Ftags&post=6997"}],"curies":[{"name":"wp","href":"https:\/\/api.w.org\/{rel}","templated":true}]}}