{"id":6993,"date":"2012-02-29T01:28:50","date_gmt":"2012-02-28T23:28:50","guid":{"rendered":"http:\/\/www.4ojos.com\/blog\/?p=6993"},"modified":"2012-02-29T03:32:35","modified_gmt":"2012-02-29T01:32:35","slug":"y%c2%b4en-a-marre3","status":"publish","type":"post","link":"https:\/\/www.4ojos.com\/blog\/?p=6993","title":{"rendered":"y\u00b4en a marre\/3"},"content":{"rendered":"<p><a href=\"http:\/\/www.4ojos.com\/blog\/imagenes\/varios\/yenamarre7.jpg\"><img loading=\"lazy\" class=\"alignnone\" src=\"http:\/\/www.4ojos.com\/blog\/imagenes\/varios\/yenamarre7.jpg\" alt=\"\" width=\"700\" height=\"1041\" \/><\/a><br \/>\n<a href=\"http:\/\/www.4ojos.com\/blog\/imagenes\/varios\/yenamarre8.jpg\"><img loading=\"lazy\" class=\"alignnone\" src=\"http:\/\/www.4ojos.com\/blog\/imagenes\/varios\/yenamarre8.jpg\" alt=\"\" width=\"700\" height=\"1041\" \/><\/a><\/p>\n<p>El pasado dia 27 se celebraron elecciones en un Senegal muy necesitado de cambio y regeneraci\u00f3n. El actual presidente Wade volvi\u00f3 a presentarse en contra\u00a0 la Constituci\u00f3n y la decencia y el resultado electoral obliga a una segunda ronda (fotos de gr\u00e1fica electoral intervenida, <a href=\"https:\/\/www.facebook.com\/media\/set\/?set=a.10150596205888601.376255.742413600&amp;type=1&amp;l=015d4d4f99\" target=\"_blank\"><strong>aqu\u00ed<\/strong><\/a>). Antes de las elecciones escrib\u00ed la historieta que ilustra esta entrada con idea de publicarla en n\u00famero 2 del fanzine <a href=\"http:\/\/diaxmenos60.blogspot.com\/2011\/12\/mambo-01.html\" target=\"_blank\"><strong>Mambo<\/strong><\/a>, que a dia de hoy a\u00fan no ha visto la luz.<\/p>\n<p>Copipego un mensaje que me env\u00eda una amiga desde Dakar :<\/p>\n<blockquote><p>El domingo pasado, las piedras de la indignaci\u00f3n se convirtieron en c\u00f3cteles molotov (probablemente la primera vez que los fabrican seg\u00fan me comentaban algunos amigos senegaleses). La polic\u00eda sigui\u00f3 empleando su cara m\u00e1s cruel aumentando la lista de muertos&#8230;, entre ellos, un chaval de 18 a\u00f1os en Rufisque que sal\u00eda a comprar el pan, asesinado por un impacto de bala en la cabeza&#8230;<\/p>\n<p>Y s\u00ed, Youssou N\u00b4dour tambi\u00e9n fue herido en una pierna esta semana en una de las manifestaciones que ha habido en el centro de la ciudad, pero \u00bfqu\u00e9 es esto al lado de los 10-12 muertos en todo el pa\u00eds y los cientos de heridos (entre ellos una ni\u00f1a de dos a\u00f1os que ha perdido un ojo) que ha habido desde que el pasado 27 de enero el consejo de sabios admitiera como v\u00e1lida la candidatura del viejo Wade?<\/p>\n<p>El contrapunto de la semana ha sido una manifestaci\u00f3n pac\u00edfica de mujeres convocada el pasado viernes por algunas de las mujeres que constituyen la \u00e9lite senegalesa. L\u00e1stima que lo hicieran con tan s\u00f3lo dos tres d\u00edas de antelaci\u00f3n y a tan solo tres d\u00edas de la primera vuelta. Con m\u00e1s tiempo, podr\u00edan haber movilizado tal vez a m\u00e1s gente.<\/p><\/blockquote>\n<p>Muy buenas fotos de las protestas hechas por Sylvain Cherkaoui<strong> <a href=\"http:\/\/sylcherk.photoshelter.com\/gallery-slideshow\/G0000z25R1_rmO9g\/?start=\" target=\"_blank\">aqu\u00ed <\/a>y <a href=\"http:\/\/sylcherk.photoshelter.com\/gallery\/Second-day-of-protests-amid-Senegal-elections\/G0000YSfMhhxAztg\/\" target=\"_blank\">aqu\u00ed<\/a><\/strong><\/p>\n<p>M\u00e1s<strong> <\/strong>fotos de \u00c9lise Fitte-Duval, ganadora del premio Casa \u00c1frica en la Bienal de foto de Bamako de 2011, <a href=\"http:\/\/www.afrimagesonline.com\/?cat=59\" target=\"_blank\"><strong>aqu\u00ed<\/strong><\/a> y <a href=\"http:\/\/www.afrimagesonline.com\/?cat=16\" target=\"_blank\"><strong>aqu\u00ed.<\/strong><\/a><\/p>\n<p>El periodista Jos\u00e9 Naranjo escribe<a href=\"http:\/\/www.guinguinbali.com\/\" target=\"_blank\"> desde Dakar <\/a><strong><a href=\"http:\/\/www.guinguinbali.com\/\" target=\"_blank\">este imprescindible blog<\/a><\/strong>.<\/p>\n<p>M\u00e1s entradas sobre Y\u00b4en a marre en este blog <a href=\"http:\/\/www.4ojos.com\/blog\/?p=6851\" target=\"_blank\"><strong>aqu\u00ed<\/strong><\/a> y <a href=\"http:\/\/www.4ojos.com\/blog\/?p=6898\" target=\"_blank\"><strong>aqu\u00ed.<\/strong><\/a><\/p>\n","protected":false},"excerpt":{"rendered":"<p>El pasado dia 27 se celebraron elecciones en un Senegal muy necesitado de cambio y regeneraci\u00f3n. El actual presidente Wade volvi\u00f3 a presentarse en contra\u00a0 la Constituci\u00f3n y la decencia y el resultado electoral obliga a una segunda ronda (fotos de gr\u00e1fica electoral intervenida, aqu\u00ed). Antes de las elecciones escrib\u00ed la historieta que ilustra esta [&hellip;]<\/p>\n","protected":false},"author":1,"featured_media":0,"comment_status":"open","ping_status":"open","sticky":false,"template":"","format":"standard","meta":{"ngg_post_thumbnail":0},"categories":[13],"tags":[227,48],"_links":{"self":[{"href":"https:\/\/www.4ojos.com\/blog\/index.php?rest_route=\/wp\/v2\/posts\/6993"}],"collection":[{"href":"https:\/\/www.4ojos.com\/blog\/index.php?rest_route=\/wp\/v2\/posts"}],"about":[{"href":"https:\/\/www.4ojos.com\/blog\/index.php?rest_route=\/wp\/v2\/types\/post"}],"author":[{"embeddable":true,"href":"https:\/\/www.4ojos.com\/blog\/index.php?rest_route=\/wp\/v2\/users\/1"}],"replies":[{"embeddable":true,"href":"https:\/\/www.4ojos.com\/blog\/index.php?rest_route=%2Fwp%2Fv2%2Fcomments&post=6993"}],"version-history":[{"count":6,"href":"https:\/\/www.4ojos.com\/blog\/index.php?rest_route=\/wp\/v2\/posts\/6993\/revisions"}],"predecessor-version":[{"id":7037,"href":"https:\/\/www.4ojos.com\/blog\/index.php?rest_route=\/wp\/v2\/posts\/6993\/revisions\/7037"}],"wp:attachment":[{"href":"https:\/\/www.4ojos.com\/blog\/index.php?rest_route=%2Fwp%2Fv2%2Fmedia&parent=6993"}],"wp:term":[{"taxonomy":"category","embeddable":true,"href":"https:\/\/www.4ojos.com\/blog\/index.php?rest_route=%2Fwp%2Fv2%2Fcategories&post=6993"},{"taxonomy":"post_tag","embeddable":true,"href":"https:\/\/www.4ojos.com\/blog\/index.php?rest_route=%2Fwp%2Fv2%2Ftags&post=6993"}],"curies":[{"name":"wp","href":"https:\/\/api.w.org\/{rel}","templated":true}]}}