{"id":6414,"date":"2011-10-20T02:51:11","date_gmt":"2011-10-20T00:51:11","guid":{"rendered":"http:\/\/www.4ojos.com\/blog\/?p=6414"},"modified":"2011-10-20T19:41:02","modified_gmt":"2011-10-20T17:41:02","slug":"hotel-madrid2","status":"publish","type":"post","link":"https:\/\/www.4ojos.com\/blog\/?p=6414","title":{"rendered":"hotel madrid\/2"},"content":{"rendered":"<p><a href=\"http:\/\/www.4ojos.com\/blog\/imagenes\/actualidad\/15M-162.jpg\"><img loading=\"lazy\" class=\"alignnone\" src=\"http:\/\/www.4ojos.com\/blog\/imagenes\/actualidad\/15M-162.jpg\" alt=\"\" width=\"701\" height=\"339\" \/><\/a><\/p>\n<p><a href=\"http:\/\/www.4ojos.com\/blog\/imagenes\/actualidad\/15M-163.jpg\"><img loading=\"lazy\" class=\"alignnone\" src=\"http:\/\/www.4ojos.com\/blog\/imagenes\/actualidad\/15M-163.jpg\" alt=\"\" width=\"700\" height=\"338\" \/><\/a><\/p>\n<p><a href=\"http:\/\/www.4ojos.com\/blog\/imagenes\/actualidad\/15M-164.jpg\"><img loading=\"lazy\" class=\"alignnone\" src=\"http:\/\/www.4ojos.com\/blog\/imagenes\/actualidad\/15M-164.jpg\" alt=\"\" width=\"701\" height=\"337\" \/><\/a><\/p>\n<p>La asamblea de esta tarde sobre el <a href=\"http:\/\/hotelmadrid.tk\/\" target=\"_blank\"><strong>Hotel Madrid<\/strong><\/a> ha decidido dar un uso mixto al edificio ocupado la noche del dia 15. Unos pisos se dedicar\u00e1n a alojar a afectados por la crisis que se han quedado sin vivienda (ma\u00f1ana mismo hay se\u00f1alados dos deshaucios en Carabanchel) y otros a actividades culturales. en la pr\u00f3xima asamblea, el viernes a las 19hrs en Benavente, los grupos de trabajo constituidos a tal efecto presentar\u00e1n propuestas de uso y viabilidad. La asamblea <a href=\"https:\/\/n-1.cc\/pg\/pages\/view\/855909\" target=\"_blank\"><strong>est\u00e1 resumida aqu\u00ed<\/strong><\/a> y hay un pdf del acta descargable desde el mismo sitio.<\/p>\n<p>Unas entradas anteriores en este blog sobre el Hotel Madrid, <a href=\"..\/?p=6393\" target=\"_blank\"><strong>aqu\u00ed<\/strong><\/a> y <a href=\"..\/?p=6368\" target=\"_blank\"><strong>aqu\u00ed<\/strong><\/a>. Clicando los dibujos se ampl\u00edan bastante por si quer\u00e9is leer las notas.<\/p>\n<p><a href=\"https:\/\/www.facebook.com\/HotelMadrid.liberado?ref=ts&amp;sk=wall\" target=\"_blank\"><strong>El Hotel en Facebook<\/strong><\/a><\/p>\n<p><a href=\"http:\/\/twitter.com\/HotelMadrid15O\" target=\"_blank\"><strong>El Hotel en Twitter<\/strong><\/a><\/p>\n<p>&#8212;&#8212;&#8212;&#8212;&#8212;&#8212;&#8212;&#8212;&#8212;&#8212;&#8212;&#8212;&#8212;&#8211;<\/p>\n<ul><a href=\"http:\/\/www.4ojos.com\/blog\/imagenes\/iconos\/CUADERNO-SOL-miniatura.jpg\"><img loading=\"lazy\" src=\"http:\/\/www.4ojos.com\/blog\/imagenes\/iconos\/CUADERNO-SOL-miniatura.jpg\" alt=\"\" width=\"120\" height=\"184\" \/><\/a><\/p>\n<p>El libro de mis dibujos de la Acampada de Sol<strong> p<\/strong><a href=\"http:\/\/librosdeblur.blogspot.com\/2011\/07\/cuaderno-de-sol_12.html\" target=\"_blank\"><strong>uede verse \u00edntegro aqu\u00ed<\/strong><\/a><a href=\"http:\/\/librosdeblur.blogspot.com\/2011\/07\/cuaderno-de-sol_12.html\" target=\"_blank\"> <\/a>y <a href=\"http:\/\/www.librosdeblur.blogspot.com\" target=\"_blank\"><strong>comprarse aqu\u00ed<\/strong><\/a>.<\/p>\n<p>Aqu\u00ed <a href=\"..\/?tag=15m\" target=\"_blank\"><strong>pod\u00e9is ver\/descargar el resto de mis dibujos sobre el 15M<\/strong><\/a><strong><a href=\"..\/?tag=15m\" target=\"_blank\"><strong>.<\/strong><\/a><\/strong><\/p>\n<p>Una rese\u00f1a de la presentaci\u00f3n del libro en Madrid <a href=\"http:\/\/www.larepublicacultural.es\/article4521.html\"><strong>aqu\u00ed.<\/strong><\/a><\/p>\n<p><a href=\"https:\/\/picasaweb.google.com\/enriqueflores1\/AcampadaSolGrafica\" target=\"_blank\"><strong>Mis fotos de carteles de la Acampada de Sol, <\/strong><\/a><\/p>\n<p><a href=\"http:\/\/www.4ojos.com\/blog\/?page_id=53\" target=\"_blank\"><strong>Algo de eco en los medios de esta serie de dibujos.<\/strong><\/a><\/p>\n<p><a href=\"http:\/\/www.4ojos.com\/blog\/?tag=15m\" target=\"_blank\"><img loading=\"lazy\" src=\"http:\/\/www.4ojos.com\/blog\/imagenes\/iconos\/icono-cuaderno15M.jpg\" alt=\"\" width=\"59\" height=\"59\" \/><strong> <\/strong><\/a><\/p>\n<li><a href=\"http:\/\/www.tomalaplaza.net\/\" target=\"_blank\"><strong>web<\/strong><\/a><\/li>\n<li><strong><a href=\"http:\/\/madrid.tomalaplaza.net\/\" target=\"_blank\"><strong>b<\/strong><\/a><\/strong><a href=\"http:\/\/madrid.tomalaplaza.net\/\" target=\"_blank\"><strong>log<\/strong><\/a><\/li>\n<li><a href=\"http:\/\/tomalosbarrios.net\/\" target=\"_blank\"><strong>asambleas de barrios<\/strong> <\/a><\/li>\n<li><strong><a href=\"https:\/\/www.facebook.com\/pages\/Movimiento-15M\/211669055522959\" target=\"_blank\">15M facebook<br \/>\n<\/a><\/strong><\/li>\n<li><strong><a href=\"http:\/\/www.democraciarealya.es\/\" target=\"_blank\">democracia real ya<\/a><\/strong><\/li>\n<li><strong><a href=\"http:\/\/culturasol15m.wordpress.com\/\" target=\"_blank\">15M cultura<\/a><\/strong><\/li>\n<li><strong><a href=\"http:\/\/analisismadrid.wordpress.com\/\" target=\"_blank\">15M an\u00e1lisis<\/a><\/strong><\/li>\n<li><strong><br \/>\n<\/strong><\/li>\n<li><strong> <a href=\"https:\/\/twitter.com\/#%21\/search?q=%23tomalaplaza\" target=\"_blank\">#tomalaplaza<\/a><\/strong><\/li>\n<li><a href=\"https:\/\/twitter.com\/#!\/search\/%23spanishrevolution\" target=\"_blank\"><strong>#spanishrevolution<\/strong><\/a><\/li>\n<li><strong><a href=\"https:\/\/twitter.com\/#!\/search?q=%2315M\" target=\"_blank\">#15M<\/a><\/strong><\/li>\n<\/ul>\n","protected":false},"excerpt":{"rendered":"<p>La asamblea de esta tarde sobre el Hotel Madrid ha decidido dar un uso mixto al edificio ocupado la noche del dia 15. Unos pisos se dedicar\u00e1n a alojar a afectados por la crisis que se han quedado sin vivienda (ma\u00f1ana mismo hay se\u00f1alados dos deshaucios en Carabanchel) y otros a actividades culturales. en la [&hellip;]<\/p>\n","protected":false},"author":1,"featured_media":0,"comment_status":"open","ping_status":"open","sticky":false,"template":"","format":"standard","meta":{"ngg_post_thumbnail":0},"categories":[13],"tags":[208,78],"_links":{"self":[{"href":"https:\/\/www.4ojos.com\/blog\/index.php?rest_route=\/wp\/v2\/posts\/6414"}],"collection":[{"href":"https:\/\/www.4ojos.com\/blog\/index.php?rest_route=\/wp\/v2\/posts"}],"about":[{"href":"https:\/\/www.4ojos.com\/blog\/index.php?rest_route=\/wp\/v2\/types\/post"}],"author":[{"embeddable":true,"href":"https:\/\/www.4ojos.com\/blog\/index.php?rest_route=\/wp\/v2\/users\/1"}],"replies":[{"embeddable":true,"href":"https:\/\/www.4ojos.com\/blog\/index.php?rest_route=%2Fwp%2Fv2%2Fcomments&post=6414"}],"version-history":[{"count":5,"href":"https:\/\/www.4ojos.com\/blog\/index.php?rest_route=\/wp\/v2\/posts\/6414\/revisions"}],"predecessor-version":[{"id":6416,"href":"https:\/\/www.4ojos.com\/blog\/index.php?rest_route=\/wp\/v2\/posts\/6414\/revisions\/6416"}],"wp:attachment":[{"href":"https:\/\/www.4ojos.com\/blog\/index.php?rest_route=%2Fwp%2Fv2%2Fmedia&parent=6414"}],"wp:term":[{"taxonomy":"category","embeddable":true,"href":"https:\/\/www.4ojos.com\/blog\/index.php?rest_route=%2Fwp%2Fv2%2Fcategories&post=6414"},{"taxonomy":"post_tag","embeddable":true,"href":"https:\/\/www.4ojos.com\/blog\/index.php?rest_route=%2Fwp%2Fv2%2Ftags&post=6414"}],"curies":[{"name":"wp","href":"https:\/\/api.w.org\/{rel}","templated":true}]}}