{"id":6359,"date":"2011-10-15T05:04:27","date_gmt":"2011-10-15T03:04:27","guid":{"rendered":"http:\/\/www.4ojos.com\/blog\/?p=6359"},"modified":"2011-10-17T03:07:25","modified_gmt":"2011-10-17T01:07:25","slug":"por-que-salgo-hoy-a-la-calle","status":"publish","type":"post","link":"https:\/\/www.4ojos.com\/blog\/?p=6359","title":{"rendered":"15-O\/por qu\u00e9 salgo hoy a la calle"},"content":{"rendered":"<p><a href=\"http:\/\/www.4ojos.com\/blog\/imagenes\/actualidad\/yo-dibujo-sol-dia21.jpg\"><img loading=\"lazy\" class=\"alignnone\" src=\"http:\/\/www.4ojos.com\/blog\/imagenes\/actualidad\/yo-dibujo-sol-dia21.jpg\" alt=\"\" width=\"700\" height=\"886\" \/><\/a><\/p>\n<p>Copipego palabras de<a href=\"http:\/\/www.escolar.net\/MT\/archives\/2011\/10\/siete-motivos-para-el-15-o.html\" target=\"_blank\"><strong> Ignacio Escolar<\/strong><\/a>. Poco m\u00e1s deber\u00eda a\u00f1adir:<\/p>\n<p><em>1. Porque no me resigno a que de esta crisis s\u00f3lo podamos salir  agachando la cabeza, apretando los dientes y renunciando a lo que tantos  a\u00f1os cost\u00f3 construir.<\/em><\/p>\n<p><em>2. Porque no fueron ni los trabajadores ni los parados ni los  profesores ni sus alumnos ni los m\u00e9dicos ni sus pacientes ni los  pensionistas ni nuestros hijos quienes hundieron la econom\u00eda. Pero s\u00ed  son ellos, somos nosotros, los \u00fanicos que lo vamos a pagar.<\/em><\/p>\n<p><em>3. Porque quiero un modelo fiscal donde cada cual aporte seg\u00fan su  capacidad y cada cual reciba seg\u00fan su necesidad. Porque exijo ese  \u201csistema tributario justo, inspirado en los principios de igualdad y  progresividad\u201d que me prometi\u00f3 el art\u00edculo 31 de la Constituci\u00f3n.<\/em><\/p>\n<p><em>4. Porque la Constituci\u00f3n tambi\u00e9n me dijo que \u201cla soberan\u00eda nacional  reside en el pueblo espa\u00f1ol\u201d, no en el Banco Central Europeo o en Wall  Street.<\/em><\/p>\n<p><em>5. Porque si hay dinero p\u00fablico suficiente para volver a rescatar a  los bancos, a las cajas o a sus millonarios directivos, tambi\u00e9n deber\u00eda  haberlo para ayudar a esas familias hipotecadas que lo pierden todo  porque no pueden pagar.<\/em><\/p>\n<p><em>6. Porque las desigualdades econ\u00f3micas aumentan y me niego a que sea  la eficacia, sin la equidad, el \u00fanico patr\u00f3n para medir el \u00e9xito de una  sociedad.<\/em><\/p>\n<p><em>7. Porque tal vez no sirva de nada. Porque tal vez nada vaya cambiar.  Porque puede que s\u00f3lo nos quede la protesta y la palabra. Pero lo que  seguro que ser\u00e1 completamente in\u00fatil es quedarse en casa y esperar  sentado a que todo se solucione sin m\u00e1s.<\/em><\/p>\n<p><em>Por estos siete motivos, y otros cuantos muchos m\u00e1s, este s\u00e1bado 15  de octubre estar\u00e9 en la calle para pedir al mundo un cambio global. Un  cambio a mejor.<\/em><\/p>\n<p><a href=\"http:\/\/madrid.tomalaplaza.net\/2011\/10\/14\/protocolo-de-actuacion-para-los-movimientos-ciudadanos-el-15-o\/\" target=\"_blank\"><strong>Este es el protocolo de actuaci\u00f3n que difunde desde el 15M.<\/strong><\/a> Tambi\u00e9n hay poco que a\u00f1adir a este ejemplo de cordura, reponsabilidad y ciudadan\u00eda.<\/p>\n","protected":false},"excerpt":{"rendered":"<p>Copipego palabras de Ignacio Escolar. Poco m\u00e1s deber\u00eda a\u00f1adir: 1. Porque no me resigno a que de esta crisis s\u00f3lo podamos salir agachando la cabeza, apretando los dientes y renunciando a lo que tantos a\u00f1os cost\u00f3 construir. 2. Porque no fueron ni los trabajadores ni los parados ni los profesores ni sus alumnos ni los [&hellip;]<\/p>\n","protected":false},"author":1,"featured_media":0,"comment_status":"open","ping_status":"open","sticky":false,"template":"","format":"standard","meta":{"ngg_post_thumbnail":0},"categories":[13],"tags":[208,158,117],"_links":{"self":[{"href":"https:\/\/www.4ojos.com\/blog\/index.php?rest_route=\/wp\/v2\/posts\/6359"}],"collection":[{"href":"https:\/\/www.4ojos.com\/blog\/index.php?rest_route=\/wp\/v2\/posts"}],"about":[{"href":"https:\/\/www.4ojos.com\/blog\/index.php?rest_route=\/wp\/v2\/types\/post"}],"author":[{"embeddable":true,"href":"https:\/\/www.4ojos.com\/blog\/index.php?rest_route=\/wp\/v2\/users\/1"}],"replies":[{"embeddable":true,"href":"https:\/\/www.4ojos.com\/blog\/index.php?rest_route=%2Fwp%2Fv2%2Fcomments&post=6359"}],"version-history":[{"count":2,"href":"https:\/\/www.4ojos.com\/blog\/index.php?rest_route=\/wp\/v2\/posts\/6359\/revisions"}],"predecessor-version":[{"id":6387,"href":"https:\/\/www.4ojos.com\/blog\/index.php?rest_route=\/wp\/v2\/posts\/6359\/revisions\/6387"}],"wp:attachment":[{"href":"https:\/\/www.4ojos.com\/blog\/index.php?rest_route=%2Fwp%2Fv2%2Fmedia&parent=6359"}],"wp:term":[{"taxonomy":"category","embeddable":true,"href":"https:\/\/www.4ojos.com\/blog\/index.php?rest_route=%2Fwp%2Fv2%2Fcategories&post=6359"},{"taxonomy":"post_tag","embeddable":true,"href":"https:\/\/www.4ojos.com\/blog\/index.php?rest_route=%2Fwp%2Fv2%2Ftags&post=6359"}],"curies":[{"name":"wp","href":"https:\/\/api.w.org\/{rel}","templated":true}]}}