{"id":6229,"date":"2011-09-26T00:35:05","date_gmt":"2011-09-25T22:35:05","guid":{"rendered":"http:\/\/www.4ojos.com\/blog\/?p=6229"},"modified":"2011-09-26T12:36:40","modified_gmt":"2011-09-26T10:36:40","slug":"manifestacion-contra-los-deshaucios","status":"publish","type":"post","link":"https:\/\/www.4ojos.com\/blog\/?p=6229","title":{"rendered":"manifestaci\u00f3n contra los deshaucios"},"content":{"rendered":"<p><a href=\"http:\/\/www.4ojos.com\/blog\/imagenes\/actualidad\/15M-100.jpg\"><img loading=\"lazy\" class=\"alignnone\" src=\"http:\/\/www.4ojos.com\/blog\/imagenes\/actualidad\/15M-100.jpg\" alt=\"\" width=\"700\" height=\"549\" \/><\/a><a href=\"http:\/\/www.4ojos.com\/blog\/imagenes\/actualidad\/15M-101.jpg\"><img loading=\"lazy\" class=\"alignnone\" src=\"http:\/\/www.4ojos.com\/blog\/imagenes\/actualidad\/15M-101.jpg\" alt=\"\" width=\"700\" height=\"549\" \/><\/a><a href=\"http:\/\/www.4ojos.com\/blog\/imagenes\/actualidad\/15M-102.jpg\"><img loading=\"lazy\" class=\"alignnone\" src=\"http:\/\/www.4ojos.com\/blog\/imagenes\/actualidad\/15M-102.jpg\" alt=\"\" width=\"700\" height=\"549\" \/><\/a><a href=\"http:\/\/www.4ojos.com\/blog\/imagenes\/actualidad\/15M-103.jpg\"><img loading=\"lazy\" class=\"alignnone\" src=\"http:\/\/www.4ojos.com\/blog\/imagenes\/actualidad\/15M-103.jpg\" alt=\"\" width=\"700\" height=\"549\" \/><\/a><a href=\"http:\/\/www.4ojos.com\/blog\/imagenes\/actualidad\/15M-104.jpg\"><img loading=\"lazy\" class=\"alignnone\" src=\"http:\/\/www.4ojos.com\/blog\/imagenes\/actualidad\/15M-104.jpg\" alt=\"\" width=\"700\" height=\"549\" \/><\/a><a href=\"http:\/\/www.4ojos.com\/blog\/imagenes\/actualidad\/15M-105.jpg\"><img loading=\"lazy\" class=\"alignnone\" src=\"http:\/\/www.4ojos.com\/blog\/imagenes\/actualidad\/15M-105.jpg\" alt=\"\" width=\"700\" height=\"549\" \/><\/a><a href=\"http:\/\/www.4ojos.com\/blog\/imagenes\/actualidad\/15M-106.jpg\"><img loading=\"lazy\" class=\"alignnone\" src=\"http:\/\/www.4ojos.com\/blog\/imagenes\/actualidad\/15M-106.jpg\" alt=\"\" width=\"700\" height=\"549\" \/><\/a><a href=\"http:\/\/www.4ojos.com\/blog\/imagenes\/actualidad\/15M-107.jpg\"><img loading=\"lazy\" class=\"alignnone\" src=\"http:\/\/www.4ojos.com\/blog\/imagenes\/actualidad\/15M-107.jpg\" alt=\"\" width=\"700\" height=\"549\" \/><\/a><a href=\"http:\/\/www.4ojos.com\/blog\/imagenes\/actualidad\/15M-108.jpg\"><img loading=\"lazy\" class=\"alignnone\" src=\"http:\/\/www.4ojos.com\/blog\/imagenes\/actualidad\/15M-108.jpg\" alt=\"\" width=\"700\" height=\"549\" \/><\/a><a href=\"http:\/\/www.4ojos.com\/blog\/imagenes\/actualidad\/15M-109.jpg\"><img loading=\"lazy\" class=\"alignnone\" src=\"http:\/\/www.4ojos.com\/blog\/imagenes\/actualidad\/15M-109.jpg\" alt=\"\" width=\"700\" height=\"549\" \/><\/a><a href=\"http:\/\/www.4ojos.com\/blog\/imagenes\/actualidad\/15M-110.jpg\"><img loading=\"lazy\" class=\"alignnone\" src=\"http:\/\/www.4ojos.com\/blog\/imagenes\/actualidad\/15M-110.jpg\" alt=\"\" width=\"700\" height=\"549\" \/><\/a><a href=\"http:\/\/www.4ojos.com\/blog\/imagenes\/actualidad\/15M-111.jpg\"><img loading=\"lazy\" class=\"alignnone\" src=\"http:\/\/www.4ojos.com\/blog\/imagenes\/actualidad\/15M-111.jpg\" alt=\"\" width=\"700\" height=\"549\" \/><\/a><a href=\"http:\/\/www.4ojos.com\/blog\/imagenes\/actualidad\/15M-112.jpg\"><img loading=\"lazy\" class=\"alignnone\" src=\"http:\/\/www.4ojos.com\/blog\/imagenes\/actualidad\/15M-112.jpg\" alt=\"\" width=\"700\" height=\"549\" \/><\/a><br \/>\n<a href=\"http:\/\/www.4ojos.com\/blog\/imagenes\/actualidad\/15M-113.jpg\"><img loading=\"lazy\" class=\"alignnone\" src=\"http:\/\/www.4ojos.com\/blog\/imagenes\/actualidad\/15M-113.jpg\" alt=\"\" width=\"700\" height=\"373\" \/><\/a><\/p>\n<p><a href=\"http:\/\/www.4ojos.com\/blog\/imagenes\/actualidad\/15M-114.jpg\"><img loading=\"lazy\" class=\"alignnone\" src=\"http:\/\/www.4ojos.com\/blog\/imagenes\/actualidad\/15M-114.jpg\" alt=\"\" width=\"700\" height=\"372\" \/><\/a><\/p>\n<p>La manifestaci\u00f3n convocada por la Plataforma de Afectados por la Hipoteca\u00a0 en <a href=\"http:\/\/www.thetechnoant.info\/pah25s\/#.Tn8xHrv_2W\">41 ciudades<\/a> de Espa\u00f1a parti\u00f3 en Madrid desde la plaza de Cibeles. Unas tres  mil personas subimos Alcal\u00e1 pidiendo pol\u00edticas que garanticen el  acceso a la vivienda y pongan los derechos de las personas por delante  de los de las empresas.<\/p>\n<p>Cuando llegamos a la Puerta del Sol se dio por terminada la manifestaci\u00f3n con intervenciones de los vecinos de<a href=\"http:\/\/puertadehierroenlucha.wordpress.com\/\" target=\"_blank\"><strong> Puerta de Hierro y la Ca\u00f1ada Real ,<\/strong><\/a> del grupo de <a href=\"http:\/\/www.detenidosporunavivienda.org\/\">detenidos en la manifestaci\u00f3n por una vivienda digna<\/a> en 2006, que anunciaron una manifestaci\u00f3n para el pr\u00f3ximo s\u00e1bado dia 1 , del grupo de econom\u00eda de Sol, que ley\u00f3 sus <a href=\"http:\/\/madrid.tomalaplaza.net\/2011\/09\/23\/el-grupo-de-trabajo-de-economia-apoya-y-se-adhiere-a-la-manifestacion-convocada-por-la-plataforma-de-afectados-por-la-hipoteca\/\">propuestas sobre vivienda<\/a>, de la <a href=\"http:\/\/www.conadee.org\/\">Coordinadora de Ecuatorianos en Espa\u00f1a<\/a>, y de la Plataforma de Afectados por la Hipoteca, que ley\u00f3 su manifesto <a href=\"http:\/\/afectadosporlahipoteca.wordpress.com\/2011\/07\/30\/el-proximo-25-de-septiembre-la-pah-convoca-a-en-todas-las-ciudades-del-estado-a-una-manifestacion-por-el-derecho-a-la-vivienda-dacion-en-pago-retroactiva-stop-desahucios-y-alquiler-social\/\">\u201cpor el derecho a la vivienda, daci\u00f3n en pago retroactiva, stop desahucios y alquiler social.\u201d<\/a><\/p>\n<p>Terminadas estas lecturas comenz\u00f3 la Asamblea General del Sol <a href=\"http:\/\/madrid.tomalaplaza.net\/2011\/09\/25\/resumen-de-la-agsol-del-25-de-septiembre\/\" target=\"_blank\"><strong>(Resumen aqu\u00ed)<\/strong><\/a>. All\u00ed se vivi\u00f3 una discusi\u00f3n esperp\u00e9ntica con el presidente del partido pol\u00edtico 15M, de qui\u00e9 nadie hab\u00eda o\u00eddo hablar y a quien se grit\u00f3 &#8220;No nos representas&#8221;.<\/p>\n<p>Unas fotos de la mani,<a href=\"http:\/\/www.alvarominguito.net\/Mi-vida-no-son-30m2.html\" target=\"_blank\"><strong> aqu\u00ed.<\/strong><\/a><\/p>\n<p><a href=\"http:\/\/madrid.tomalaplaza.net\/2011\/09\/25\/varios-miles-de-personas-se-manifiestan-por-la-vivienda\/\" target=\"_blank\"><strong>+ info <\/strong><\/a>aqu\u00ed.<\/p>\n<p>Copipego a continuaci\u00f3n el aclaratorio documento del Grupo de Trabajo de Econom\u00eda de Acampada Sol<\/p>\n<blockquote><p>El Grupo de Trabajo de Econom\u00eda de Acampada Sol, en  vista de la dificultad de acceso a la vivienda que sufrimos en Espa\u00f1a,  ha consensuado sumarse a la concentraci\u00f3n convocada por la Plataforma de  Afectados por la Hipoteca el pr\u00f3ximo 25 de septiembre, bas\u00e1ndose en las  siguientes razones:<\/p>\n<ul>\n<li>El desamparo en que se encuentran muchas familias espa\u00f1olas que  est\u00e1n siendo desahuciadas de sus casas desde el inicio de la crisis, y a  las que las administraciones p\u00fablicas no est\u00e1n prestando ning\u00fan tipo de  ayuda.<\/li>\n<\/ul>\n<ul>\n<li>A pesar de que nuestra Constituci\u00f3n recoge el derecho de sus  ciudadanos a disfrutar de una vivienda digna, el acceso a una vivienda  se ha convertido en un lujo que la mayor\u00eda de los ciudadanos no puede  permitirse. Pese a la crisis sufrida tras el estallido de la burbuja  inmobiliaria, los precios de la vivienda en nuestro pa\u00eds no han bajado  para equipararse a los niveles de renta de los ciudadanos. En este  sentido, cabe se\u00f1alar lo parad\u00f3jico que resulta que la reforma de la  Constituci\u00f3n que pretenden aprobar PSOE y PP no se realice para  garantizar el acceso a una vivienda digna, sino para agravar la  situaci\u00f3n, pues dicha reforma tendr\u00e1 como consecuencia la disminuci\u00f3n de  los recursos p\u00fablicos y una mayor garant\u00eda para las entidades  financieras, es decir, el apoyo a la l\u00f3gica del beneficio frente a la  l\u00f3gica de las necesidades.<\/li>\n<\/ul>\n<ul>\n<li>Desde las administraciones no se est\u00e1n llevando a cabo pol\u00edticas que  permitan solucionar este problema, ya sea reduciendo los m\u00f3dulos de  vivienda protegida o incentivando la salida al mercado de los millones  de pisos vac\u00edos existentes en Espa\u00f1a, lo que en la pr\u00e1ctica se traduce  en la incapacidad de un gran n\u00famero de ciudadanos y colectivos para  acceder\u00a0a un derecho b\u00e1sico, como es la vivienda digna.<\/li>\n<\/ul>\n<ul>\n<li>El gobierno actual, a pesar de sus compromisos electorales de  facilitar el acceso a la vivienda promoviendo los alquileres sociales,  ha claudicado ante el mercado inmobiliario y los bancos y una buena  muestra de ello ha sido la rebaja impositiva del IVA\u00a0para la compra de  vivienda nueva, que fue aprobada en Consejo de Ministros el pasado 19 de  agosto. Esta medida no favorece a los ciudadanos que requieren una  bajada del precio de los pisos para poder acceder a ellos, sino que est\u00e1  orientada a que los bancos y promotores puedan\u00a0deshacerse de la cartera  inmobiliaria que poseen en la actualidad.<\/li>\n<\/ul>\n<p>Por todo lo anteriormente expuesto, desde el Grupo de  Trabajo de Econom\u00eda de Sol solicitamos que se cree un parque p\u00fablico de  viviendas en r\u00e9gimen de alquiler social, lo que facilitar\u00eda el acceso a  estas viviendas a todos los ciudadanos. Asimismo, solicitamos se acepte  la daci\u00f3n en pago, una medida extendida en Europa, lo que aliviar\u00eda la  presi\u00f3n que la crisis econ\u00f3mica est\u00e1 teniendo en los sectores m\u00e1s  desprotegidos de nuestra sociedad, que est\u00e1n perdiendo sus casas y  qued\u00e1ndose con deudas de por vida.<\/p>\n<p>En consecuencia, mostramos todo nuestro apoyo a la manifestaci\u00f3n convocada por la PAH el 25 de septiembre.<\/p><\/blockquote>\n<p><a href=\"http:\/\/www.4ojos.com\/blog\/imagenes\/iconos\/CUADERNO-SOL-miniatura.jpg\"><img loading=\"lazy\" src=\"http:\/\/www.4ojos.com\/blog\/imagenes\/iconos\/CUADERNO-SOL-miniatura.jpg\" alt=\"\" width=\"120\" height=\"184\" \/><\/a><\/p>\n<p>Ya est\u00e1 en la calle el libro de mis dibujos de la AHcampada de Sol, <a href=\"http:\/\/librosdeblur.blogspot.com\/2011\/07\/cuaderno-de-sol_12.html\" target=\"_blank\"><strong>que puede verse aqu\u00ed<\/strong><\/a><a href=\"http:\/\/librosdeblur.blogspot.com\/2011\/07\/cuaderno-de-sol_12.html\" target=\"_blank\"> <\/a>y <a href=\"http:\/\/www.librosdeblur.blogspot.com\" target=\"_blank\"><strong>comprarse aqu\u00ed<\/strong><\/a>. Hay una rese\u00f1a de la presentaci\u00f3n en Madrid <a href=\"http:\/\/www.larepublicacultural.es\/article4521.html\"><strong>aqu\u00ed.<\/strong><\/a><\/p>\n<p><a href=\"http:\/\/www.4ojos.com\/blog\/?tag=15m\" target=\"_blank\"><strong>Clica aqu\u00ed para ver el resto de mis dibujos del 15M<\/strong><\/a><strong><a href=\"http:\/\/www.4ojos.com\/blog\/?tag=15m\" target=\"_blank\"><strong>.<\/strong><\/a><\/strong> Las im\u00e1genes pueden ampliarse.<\/p>\n<p>Una galer\u00eda con mis fotos de algunos carteles de la Acampada de Sol, <a href=\"https:\/\/picasaweb.google.com\/enriqueflores1\/AcampadaSolGrafica\" target=\"_blank\"><strong>aqu\u00ed.<\/strong><\/a><\/p>\n<p>Algo de eco en los medios de esta serie de dibujos, <a href=\"http:\/\/www.4ojos.com\/blog\/?page_id=53\" target=\"_blank\"><strong>clicando aqu\u00ed.<\/strong><\/a><\/p>\n<p><a href=\"http:\/\/www.4ojos.com\/blog\/?tag=15m\" target=\"_blank\"><img loading=\"lazy\" src=\"http:\/\/www.4ojos.com\/blog\/imagenes\/iconos\/icono-cuaderno15M.jpg\" alt=\"\" width=\"59\" height=\"59\" \/><strong> <\/strong><\/a><\/p>\n<li><a href=\"http:\/\/www.tomalaplaza.net\/\" target=\"_blank\"><strong>web<\/strong><\/a><\/li>\n<li><strong><a href=\"http:\/\/madrid.tomalaplaza.net\/\" target=\"_blank\"><strong>b<\/strong><\/a><\/strong><a href=\"http:\/\/madrid.tomalaplaza.net\/\" target=\"_blank\"><strong>log<\/strong><\/a><\/li>\n<li><a href=\"http:\/\/tomalosbarrios.net\/\" target=\"_blank\"><strong>asambleas de barrios<\/strong> <\/a><\/li>\n<li><strong><a href=\"https:\/\/www.facebook.com\/pages\/Movimiento-15M\/211669055522959\" target=\"_blank\">15M facebook<br \/>\n<\/a><\/strong><\/li>\n<li><strong><a href=\"http:\/\/www.democraciarealya.es\/\" target=\"_blank\">democracia real ya<\/a><\/strong><\/li>\n<li><strong><a href=\"http:\/\/culturasol15m.wordpress.com\/\" target=\"_blank\">15M cultura<\/a><\/strong><\/li>\n<li><strong><a href=\"http:\/\/analisismadrid.wordpress.com\/\" target=\"_blank\">15M an\u00e1lisis<\/a><br \/>\n<\/strong><\/li>\n<p><strong><br \/>\n<\/strong><\/p>\n<li><strong> <a href=\"https:\/\/twitter.com\/#%21\/search?q=%23tomalaplaza\" target=\"_blank\">#tomalaplaza<\/a><\/strong><\/li>\n<li><a href=\"https:\/\/twitter.com\/#!\/search\/%23spanishrevolution\" target=\"_blank\"><strong>#spanishrevolution<\/strong><\/a><\/li>\n<li><strong><a href=\"https:\/\/twitter.com\/#!\/search?q=%2315M\" target=\"_blank\">#15M<\/a><\/strong><\/li>\n<li><a href=\"https:\/\/twitter.com\/#!\/search?q=%23madridsinmiedo\" target=\"_blank\"><strong>#madridsinmiedo<\/strong><\/a><\/li>\n<li><a href=\"https:\/\/twitter.com\/#%21\/search\/%23spanishrevolution\" target=\"_blank\"><strong>#spanishrevolution<\/strong><\/a><\/li>\n","protected":false},"excerpt":{"rendered":"<p>La manifestaci\u00f3n convocada por la Plataforma de Afectados por la Hipoteca\u00a0 en 41 ciudades de Espa\u00f1a parti\u00f3 en Madrid desde la plaza de Cibeles. Unas tres mil personas subimos Alcal\u00e1 pidiendo pol\u00edticas que garanticen el acceso a la vivienda y pongan los derechos de las personas por delante de los de las empresas. Cuando llegamos [&hellip;]<\/p>\n","protected":false},"author":1,"featured_media":0,"comment_status":"open","ping_status":"open","sticky":false,"template":"","format":"standard","meta":{"ngg_post_thumbnail":0},"categories":[13,12],"tags":[208,78,158,117],"_links":{"self":[{"href":"https:\/\/www.4ojos.com\/blog\/index.php?rest_route=\/wp\/v2\/posts\/6229"}],"collection":[{"href":"https:\/\/www.4ojos.com\/blog\/index.php?rest_route=\/wp\/v2\/posts"}],"about":[{"href":"https:\/\/www.4ojos.com\/blog\/index.php?rest_route=\/wp\/v2\/types\/post"}],"author":[{"embeddable":true,"href":"https:\/\/www.4ojos.com\/blog\/index.php?rest_route=\/wp\/v2\/users\/1"}],"replies":[{"embeddable":true,"href":"https:\/\/www.4ojos.com\/blog\/index.php?rest_route=%2Fwp%2Fv2%2Fcomments&post=6229"}],"version-history":[{"count":11,"href":"https:\/\/www.4ojos.com\/blog\/index.php?rest_route=\/wp\/v2\/posts\/6229\/revisions"}],"predecessor-version":[{"id":6234,"href":"https:\/\/www.4ojos.com\/blog\/index.php?rest_route=\/wp\/v2\/posts\/6229\/revisions\/6234"}],"wp:attachment":[{"href":"https:\/\/www.4ojos.com\/blog\/index.php?rest_route=%2Fwp%2Fv2%2Fmedia&parent=6229"}],"wp:term":[{"taxonomy":"category","embeddable":true,"href":"https:\/\/www.4ojos.com\/blog\/index.php?rest_route=%2Fwp%2Fv2%2Fcategories&post=6229"},{"taxonomy":"post_tag","embeddable":true,"href":"https:\/\/www.4ojos.com\/blog\/index.php?rest_route=%2Fwp%2Fv2%2Ftags&post=6229"}],"curies":[{"name":"wp","href":"https:\/\/api.w.org\/{rel}","templated":true}]}}