{"id":6096,"date":"2011-09-02T12:14:10","date_gmt":"2011-09-02T10:14:10","guid":{"rendered":"http:\/\/www.4ojos.com\/blog\/?p=6096"},"modified":"2011-09-02T17:41:18","modified_gmt":"2011-09-02T15:41:18","slug":"no-a-la-reforma-de-la-constitucion2","status":"publish","type":"post","link":"https:\/\/www.4ojos.com\/blog\/?p=6096","title":{"rendered":"no a la reforma de la constituci\u00f3n\/2"},"content":{"rendered":"<p><a href=\"http:\/\/www.4ojos.com\/blog\/imagenes\/actualidad\/15M-081.jpg\"><img loading=\"lazy\" class=\"alignnone\" src=\"http:\/\/www.4ojos.com\/blog\/imagenes\/actualidad\/15M-081.jpg\" alt=\"\" width=\"700\" height=\"522\" \/><\/a><br \/>\n<a href=\"http:\/\/www.4ojos.com\/blog\/imagenes\/actualidad\/15M-082.jpg\"><img loading=\"lazy\" class=\"alignnone\" src=\"http:\/\/www.4ojos.com\/blog\/imagenes\/actualidad\/15M-082.jpg\" alt=\"\" width=\"700\" height=\"522\" \/><\/a><br \/>\n<a href=\"http:\/\/www.4ojos.com\/blog\/imagenes\/actualidad\/15M-083.jpg\"><img loading=\"lazy\" class=\"alignnone\" src=\"http:\/\/www.4ojos.com\/blog\/imagenes\/actualidad\/15M-083.jpg\" alt=\"\" width=\"700\" height=\"522\" \/><\/a><br \/>\n<a href=\"http:\/\/www.4ojos.com\/blog\/imagenes\/actualidad\/15M-084.jpg\"><img loading=\"lazy\" class=\"alignnone\" src=\"http:\/\/www.4ojos.com\/blog\/imagenes\/actualidad\/15M-084.jpg\" alt=\"\" width=\"700\" height=\"522\" \/><\/a><br \/>\n<a href=\"http:\/\/www.4ojos.com\/blog\/imagenes\/actualidad\/15M-085.jpg\"><img loading=\"lazy\" class=\"alignnone\" src=\"http:\/\/www.4ojos.com\/blog\/imagenes\/actualidad\/15M-085.jpg\" alt=\"\" width=\"700\" height=\"522\" \/><\/a><br \/>\n<a href=\"http:\/\/www.4ojos.com\/blog\/imagenes\/actualidad\/15M-086.jpg\"><img loading=\"lazy\" class=\"alignnone\" src=\"http:\/\/www.4ojos.com\/blog\/imagenes\/actualidad\/15M-086.jpg\" alt=\"\" width=\"700\" height=\"522\" \/><\/a><br \/>\n<a href=\"http:\/\/www.4ojos.com\/blog\/imagenes\/actualidad\/15M-087.jpg\"><img loading=\"lazy\" class=\"alignnone\" src=\"http:\/\/www.4ojos.com\/blog\/imagenes\/actualidad\/15M-087.jpg\" alt=\"\" width=\"700\" height=\"522\" \/><\/a><br \/>\n<a href=\"http:\/\/www.4ojos.com\/blog\/imagenes\/actualidad\/15M-088.jpg\"><img loading=\"lazy\" class=\"alignnone\" src=\"http:\/\/www.4ojos.com\/blog\/imagenes\/actualidad\/15M-088.jpg\" alt=\"\" width=\"700\" height=\"522\" \/><\/a><br \/>\n<a href=\"http:\/\/www.4ojos.com\/blog\/imagenes\/actualidad\/15M-089.jpg\"><img loading=\"lazy\" class=\"alignnone\" src=\"http:\/\/www.4ojos.com\/blog\/imagenes\/actualidad\/15M-089.jpg\" alt=\"\" width=\"700\" height=\"522\" \/><\/a><br \/>\n<a href=\"http:\/\/www.4ojos.com\/blog\/imagenes\/actualidad\/15M-090.jpg\"><img loading=\"lazy\" class=\"alignnone\" src=\"http:\/\/www.4ojos.com\/blog\/imagenes\/actualidad\/15M-090.jpg\" alt=\"\" width=\"700\" height=\"522\" \/><\/a><br \/>\n<a href=\"http:\/\/www.4ojos.com\/blog\/imagenes\/actualidad\/15M-091.jpg\"><img loading=\"lazy\" class=\"alignnone\" src=\"http:\/\/www.4ojos.com\/blog\/imagenes\/actualidad\/15M-091.jpg\" alt=\"\" width=\"700\" height=\"510\" \/><\/a><\/p>\n<p>Ayer acud\u00ed a la <a href=\"http:\/\/madrid.tomalaplaza.net\/2011\/09\/01\/la-protesta-contra-la-reforma-empezara-a-las-730-a-m-en-neptuno\/\" target=\"_blank\"><strong>manifestaci\u00f3n contra una reforma de la Constituci\u00f3n<\/strong><\/a> que parece urgent\u00edsima y muy importante<a href=\"http:\/\/www.escolar.net\/MT\/archives\/2011\/09\/yoquierovotar.html\"> <strong>aunque nadie ha sabido explicar por qu\u00e9.<\/strong><\/a> La mani no estaba convocada por el 15M y me sorprendi\u00f3 la cantidad de cosas que la diferenciaba de las \u00faltimas a las que he asistido. Se me hab\u00eda olvidado que en las manis ajenas al 15M hay profusi\u00f3n de banderas (en \u00e9sta, comunistas y republicanas), que hay cabecera y que un tipo en un cami\u00f3n con altavoces grita las consignas que despu\u00e9s la gente corea (algunas las he escrito en la primera p\u00e1gina del cuaderno en el que dibuj\u00e9).<br \/>\nLa manifestaci\u00f3n termin\u00f3 con una asamblea en Neptuno en la que se discutieron <a href=\"http:\/\/madrid.tomalaplaza.net\/2011\/09\/01\/la-protesta-contra-la-reforma-empezara-a-las-730-a-m-en-neptuno\/\" target=\"_blank\"><strong>las acciones que se iban a realizar hoy, <\/strong><\/a>un dia negro en el que se votar\u00e1 y aprobar\u00e1 en el Parlamento esta reforma tan poco clara.<\/p>\n<p>ACTUALIZACI\u00d3N<\/p>\n<p><a href=\"http:\/\/madrid.tomalaplaza.net\/2011\/09\/01\/la-protesta-contra-la-reforma-empezara-a-las-730-a-m-en-neptuno\/\" target=\"_blank\"><strong>Acciones de hoy<\/strong><\/a><\/p>\n<p>[youtube]http:\/\/www.youtube.com\/watch?v=JGvj13Q70Vc[\/youtube]<\/p>\n<p>Explicaci\u00f3n\u00a0 del Grupo de Trabajo de Econom\u00eda del 15M<\/p>\n<p>&#8212;&#8212;&#8212;&#8212;&#8212;&#8212;&#8212;&#8211;<\/p>\n<ul><a href=\"http:\/\/www.4ojos.com\/blog\/imagenes\/iconos\/CUADERNO-SOL-miniatura.jpg\"><img loading=\"lazy\" src=\"http:\/\/www.4ojos.com\/blog\/imagenes\/iconos\/CUADERNO-SOL-miniatura.jpg\" alt=\"\" width=\"120\" height=\"184\" \/><\/a><\/p>\n<p>Ya est\u00e1 en la calle el libro de mis dibujos de la Acampada de Sol, <a href=\"http:\/\/librosdeblur.blogspot.com\/2011\/07\/cuaderno-de-sol_12.html\" target=\"_blank\"><strong>que puede verse aqu\u00ed<\/strong><\/a><a href=\"http:\/\/librosdeblur.blogspot.com\/2011\/07\/cuaderno-de-sol_12.html\" target=\"_blank\">.Hay una bonita rese\u00f1a de la presentaci\u00f3n en Madrid <\/a><a href=\"http:\/\/www.larepublicacultural.es\/article4521.html\"><strong>aqu\u00ed.<\/strong><\/a><\/p>\n<p><a href=\"http:\/\/www.4ojos.com\/blog\/?tag=15m\" target=\"_blank\"><strong>Clica aqu\u00ed para ver el resto de mis dibujos del 15M<\/strong><\/a><strong><a href=\"http:\/\/www.4ojos.com\/blog\/?tag=15m\" target=\"_blank\"><strong>.<\/strong><\/a><\/strong> Las im\u00e1genes pueden ampliarse.<\/p>\n<p>Una galer\u00eda con mis fotos de algunos carteles de la Acampada de Sol, <a href=\"https:\/\/picasaweb.google.com\/enriqueflores1\/AcampadaSolGrafica\" target=\"_blank\"><strong>aqu\u00ed.<\/strong><\/a><\/p>\n<p>Algo de eco en los medios de esta serie de dibujos, <a href=\"http:\/\/www.4ojos.com\/blog\/?page_id=53\" target=\"_blank\"><strong>clicando aqu\u00ed.<\/strong><\/a><\/p>\n<p><a href=\"http:\/\/www.4ojos.com\/blog\/?tag=15m\" target=\"_blank\"><img loading=\"lazy\" src=\"http:\/\/www.4ojos.com\/blog\/imagenes\/iconos\/icono-cuaderno15M.jpg\" alt=\"\" width=\"59\" height=\"59\" \/><strong> <\/strong><\/a><\/p>\n<li><a href=\"http:\/\/www.tomalaplaza.net\/\" target=\"_blank\"><strong>web<\/strong><\/a><\/li>\n<li><strong><a href=\"http:\/\/madrid.tomalaplaza.net\/\" target=\"_blank\"><strong>b<\/strong><\/a><\/strong><a href=\"http:\/\/madrid.tomalaplaza.net\/\" target=\"_blank\"><strong>log<\/strong><\/a><\/li>\n<li><a href=\"http:\/\/tomalosbarrios.net\/\" target=\"_blank\"><strong>asambleas de barrios<\/strong> <\/a><\/li>\n<li><strong><a href=\"https:\/\/www.facebook.com\/pages\/Movimiento-15M\/211669055522959\" target=\"_blank\">facebook 15M<\/a><\/strong><\/li>\n<li><strong><a href=\"http:\/\/www.democraciarealya.es\/\" target=\"_blank\">democracia real ya<\/a> <\/strong><strong> <\/strong><\/li>\n<li><strong> <a href=\"https:\/\/twitter.com\/#%21\/search?q=%23tomalaplaza\" target=\"_blank\">#tomalaplaza<\/a><\/strong><\/li>\n<li><a href=\"https:\/\/twitter.com\/#!\/search\/%23spanishrevolution\" target=\"_blank\"><strong>#spanishrevolution<\/strong><\/a><\/li>\n<li><strong><a href=\"https:\/\/twitter.com\/#!\/search?q=%2315M\" target=\"_blank\">#15M<\/a><\/strong><\/li>\n<li><a href=\"https:\/\/twitter.com\/#!\/search?q=%23madridsinmiedo\" target=\"_blank\"><strong>#madridsinmiedo<\/strong><\/a><\/li>\n<li><a href=\"https:\/\/twitter.com\/#%21\/search\/%23spanishrevolution\" target=\"_blank\"><strong>#spanishrevolution<\/strong><\/a><\/li>\n<\/ul>\n<p>Sobre la reforma de la Constituci\u00f3n<\/p>\n<ul>\n<li>\n<h6><a href=\"https:\/\/twitter.com\/#!\/search\/%23%20%23reformazo\" target=\"_blank\"><strong>#reformazo<\/strong><\/a><\/h6>\n<\/li>\n<li>\n<h2><a href=\"https:\/\/twitter.com\/search?q=%23conRdereforma\" target=\"_blank\"><strong> <\/strong><strong>#conRdereforma<\/strong><\/a><\/h2>\n<\/li>\n<li>\n<h6><a href=\"https:\/\/twitter.com\/#!\/search\/%23mercadocracia.\" target=\"_blank\"><strong>#mercadocracia.<\/strong><\/a><\/h6>\n<\/li>\n<\/ul>\n<p><a href=\"http:\/\/www.elpais.com\/articulo\/madrid\/Veto\/webs\/15-M\/bibliotecas\/municipales\/elpepiespmad\/20110810elpmad_4\/Tes\" target=\"_blank\"><strong>Atenci\u00f3n, madrile\u00f1os: el ayuntamiento de Madrid proh\u00edbe el acceso desde los ordenadores de las bibliotecas municipales a las p\u00e1ginas del 15M<\/strong><\/a><\/p>\n","protected":false},"excerpt":{"rendered":"<p>Ayer acud\u00ed a la manifestaci\u00f3n contra una reforma de la Constituci\u00f3n que parece urgent\u00edsima y muy importante aunque nadie ha sabido explicar por qu\u00e9. La mani no estaba convocada por el 15M y me sorprendi\u00f3 la cantidad de cosas que la diferenciaba de las \u00faltimas a las que he asistido. Se me hab\u00eda olvidado que [&hellip;]<\/p>\n","protected":false},"author":1,"featured_media":0,"comment_status":"open","ping_status":"open","sticky":false,"template":"","format":"standard","meta":{"ngg_post_thumbnail":0},"categories":[13],"tags":[78,158,117],"_links":{"self":[{"href":"https:\/\/www.4ojos.com\/blog\/index.php?rest_route=\/wp\/v2\/posts\/6096"}],"collection":[{"href":"https:\/\/www.4ojos.com\/blog\/index.php?rest_route=\/wp\/v2\/posts"}],"about":[{"href":"https:\/\/www.4ojos.com\/blog\/index.php?rest_route=\/wp\/v2\/types\/post"}],"author":[{"embeddable":true,"href":"https:\/\/www.4ojos.com\/blog\/index.php?rest_route=\/wp\/v2\/users\/1"}],"replies":[{"embeddable":true,"href":"https:\/\/www.4ojos.com\/blog\/index.php?rest_route=%2Fwp%2Fv2%2Fcomments&post=6096"}],"version-history":[{"count":4,"href":"https:\/\/www.4ojos.com\/blog\/index.php?rest_route=\/wp\/v2\/posts\/6096\/revisions"}],"predecessor-version":[{"id":6098,"href":"https:\/\/www.4ojos.com\/blog\/index.php?rest_route=\/wp\/v2\/posts\/6096\/revisions\/6098"}],"wp:attachment":[{"href":"https:\/\/www.4ojos.com\/blog\/index.php?rest_route=%2Fwp%2Fv2%2Fmedia&parent=6096"}],"wp:term":[{"taxonomy":"category","embeddable":true,"href":"https:\/\/www.4ojos.com\/blog\/index.php?rest_route=%2Fwp%2Fv2%2Fcategories&post=6096"},{"taxonomy":"post_tag","embeddable":true,"href":"https:\/\/www.4ojos.com\/blog\/index.php?rest_route=%2Fwp%2Fv2%2Ftags&post=6096"}],"curies":[{"name":"wp","href":"https:\/\/api.w.org\/{rel}","templated":true}]}}