{"id":6066,"date":"2011-08-26T22:08:59","date_gmt":"2011-08-26T20:08:59","guid":{"rendered":"http:\/\/www.4ojos.com\/blog\/?p=6066"},"modified":"2011-08-27T13:41:03","modified_gmt":"2011-08-27T11:41:03","slug":"reforma-de-la-constitucion","status":"publish","type":"post","link":"https:\/\/www.4ojos.com\/blog\/?p=6066","title":{"rendered":"reforma de la constituci\u00f3n"},"content":{"rendered":"<p><a href=\"http:\/\/www.4ojos.com\/blog\/imagenes\/actualidad\/15M-063.JPG\"><img loading=\"lazy\" class=\"alignnone\" src=\"http:\/\/www.4ojos.com\/blog\/imagenes\/actualidad\/15M-063.JPG\" alt=\"\" width=\"700\" height=\"525\" \/><\/a><\/p>\n<p>Esta tarde he estado en la Plaza del Carmen en la reuni\u00f3n de la comisi\u00f3n de econom\u00eda del 15M  <a href=\"http:\/\/madrid.tomalaplaza.net\/2011\/08\/24\/sobre-la-reforma-de-la-constitucion-espanola\/\" target=\"_blank\"><strong>enter\u00e1ndome de en qu\u00e9 consiste la propuesta de PP y PSOE para reformar aprisa y corriendo la Constituci\u00f3n<\/strong><\/a> y he vuelto a casa con la sensaci\u00f3n de que me han robado la cartera&#8230;<\/p>\n<p><a href=\"http:\/\/madrid.tomalaplaza.net\/2011\/08\/27\/convocatoria-manifestacion-no-a-esta-reforma-de-la-constitucion-ni-un-paso-atras\/\" target=\"_blank\"><strong>Hay convocada una manifestaci\u00f3n el domingo a las 18hrs que saldr\u00e1 de Atocha y llegar\u00e1 a Sol <\/strong><\/a>y la cosa est\u00e1 que arde en Twitter en <a title=\"#yoquierovotar\" rel=\"nofollow\" href=\"https:\/\/twitter.com\/#!\/search\/yoquierovotar\" target=\"_blank\">#<strong>yoquierovotar<\/strong><\/a><\/p>\n<p>ACTUALIZACI\u00d3N: mi amigo Jose Mar\u00eda S\u00e1nchez tambi\u00e9n estuvo all\u00ed y lo dibuj\u00f3 y explic\u00f3 mejor que yo<a href=\"http:\/\/extrangis.blogspot.com\/2011\/08\/economia-para-todos.html\" target=\"_blank\"><strong> en su blog.<\/strong><\/a><\/p>\n<p>&#8212;&#8212;&#8212;&#8212;&#8212;&#8212;&#8212;&#8212;<\/p>\n<ul><a href=\"http:\/\/www.4ojos.com\/blog\/imagenes\/iconos\/CUADERNO-SOL-miniatura.jpg\"><img loading=\"lazy\" src=\"http:\/\/www.4ojos.com\/blog\/imagenes\/iconos\/CUADERNO-SOL-miniatura.jpg\" alt=\"\" width=\"120\" height=\"184\" \/><\/a><\/p>\n<p>Ya est\u00e1 en la calle el libro de mis dibujos de la Acampada de Sol, <a href=\"http:\/\/librosdeblur.blogspot.com\/2011\/07\/cuaderno-de-sol_12.html\" target=\"_blank\"><strong>que puede verse aqu\u00ed<\/strong><\/a><a href=\"http:\/\/librosdeblur.blogspot.com\/2011\/07\/cuaderno-de-sol_12.html\" target=\"_blank\">.Hay una bonita rese\u00f1a de la presentaci\u00f3n en Madrid <\/a><a href=\"http:\/\/www.larepublicacultural.es\/article4521.html\"><strong>aqu\u00ed.<\/strong><\/a><\/p>\n<p><a href=\"http:\/\/www.4ojos.com\/blog\/?tag=15m\" target=\"_blank\"><strong>Clica aqu\u00ed para ver el resto de mis dibujos del 15M<\/strong><\/a><strong><a href=\"http:\/\/www.4ojos.com\/blog\/?tag=15m\" target=\"_blank\"><strong>.<\/strong><\/a><\/strong> Las im\u00e1genes pueden ampliarse.<\/p>\n<p>Una galer\u00eda con mis fotos de algunos carteles de la Acampada de Sol, <a href=\"https:\/\/picasaweb.google.com\/enriqueflores1\/AcampadaSolGrafica\" target=\"_blank\"><strong>aqu\u00ed.<\/strong><\/a><\/p>\n<p>Algo de eco en los medios de esta serie de dibujos, <a href=\"http:\/\/www.4ojos.com\/blog\/?page_id=53\" target=\"_blank\"><strong>clicando aqu\u00ed.<\/strong><\/a><\/p>\n<p><a href=\"http:\/\/www.4ojos.com\/blog\/?tag=15m\" target=\"_blank\"><img loading=\"lazy\" src=\"http:\/\/www.4ojos.com\/blog\/imagenes\/iconos\/icono-cuaderno15M.jpg\" alt=\"\" width=\"59\" height=\"59\" \/><strong> <\/strong><\/a><\/p>\n<p><a href=\"http:\/\/www.elpais.com\/articulo\/madrid\/Veto\/webs\/15-M\/bibliotecas\/municipales\/elpepiespmad\/20110810elpmad_4\/Tes\" target=\"_blank\"><strong>El ayuntamiento de Madrid proh\u00edbe el acceso desde los ordenadores de las bibliotecas municipales a las p\u00e1ginas del 15M<\/strong><\/a><\/p>\n<li><a href=\"http:\/\/www.tomalaplaza.net\/\" target=\"_blank\"><strong>web<\/strong><\/a><\/li>\n<li><strong><a href=\"http:\/\/madrid.tomalaplaza.net\/\" target=\"_blank\"><strong>b<\/strong><\/a><\/strong><a href=\"http:\/\/madrid.tomalaplaza.net\/\" target=\"_blank\"><strong>log<\/strong><\/a><\/li>\n<li><a href=\"http:\/\/tomalosbarrios.net\/\" target=\"_blank\"><strong>asambleas de barrios<\/strong> <\/a><\/li>\n<li><strong><a href=\"https:\/\/www.facebook.com\/pages\/Movimiento-15M\/211669055522959\" target=\"_blank\">15M facebook<br \/>\n<\/a><\/strong><\/li>\n<li><strong><a href=\"http:\/\/www.democraciarealya.es\/\" target=\"_blank\">democracia real ya<\/a><\/strong><\/li>\n<li><strong><a href=\"http:\/\/culturasol15m.wordpress.com\/\" target=\"_blank\">15M cultura<\/a><\/strong><\/li>\n<li><strong><a href=\"http:\/\/analisismadrid.wordpress.com\/\" target=\"_blank\">15M an\u00e1lisis<\/a><br \/>\n<\/strong><\/li>\n<p><strong><br \/>\n<\/strong><\/p>\n<li><strong> <a href=\"https:\/\/twitter.com\/#%21\/search?q=%23tomalaplaza\" target=\"_blank\">#tomalaplaza<\/a><\/strong><\/li>\n<li><a href=\"https:\/\/twitter.com\/#!\/search\/%23spanishrevolution\" target=\"_blank\"><strong>#spanishrevolution<\/strong><\/a><\/li>\n<li><strong><a href=\"https:\/\/twitter.com\/#!\/search?q=%2315M\" target=\"_blank\">#15M<\/a><\/strong><\/li>\n<li><a href=\"https:\/\/twitter.com\/#!\/search?q=%23madridsinmiedo\" target=\"_blank\"><strong>#madridsinmiedo<\/strong><\/a><\/li>\n<li><a href=\"https:\/\/twitter.com\/#%21\/search\/%23spanishrevolution\" target=\"_blank\"><strong>#spanishrevolution<\/strong><\/a><\/li>\n<\/ul>\n","protected":false},"excerpt":{"rendered":"<p>Esta tarde he estado en la Plaza del Carmen en la reuni\u00f3n de la comisi\u00f3n de econom\u00eda del 15M enter\u00e1ndome de en qu\u00e9 consiste la propuesta de PP y PSOE para reformar aprisa y corriendo la Constituci\u00f3n y he vuelto a casa con la sensaci\u00f3n de que me han robado la cartera&#8230; Hay convocada una [&hellip;]<\/p>\n","protected":false},"author":1,"featured_media":0,"comment_status":"open","ping_status":"open","sticky":false,"template":"","format":"standard","meta":{"ngg_post_thumbnail":0},"categories":[13],"tags":[208,78,184,158],"_links":{"self":[{"href":"https:\/\/www.4ojos.com\/blog\/index.php?rest_route=\/wp\/v2\/posts\/6066"}],"collection":[{"href":"https:\/\/www.4ojos.com\/blog\/index.php?rest_route=\/wp\/v2\/posts"}],"about":[{"href":"https:\/\/www.4ojos.com\/blog\/index.php?rest_route=\/wp\/v2\/types\/post"}],"author":[{"embeddable":true,"href":"https:\/\/www.4ojos.com\/blog\/index.php?rest_route=\/wp\/v2\/users\/1"}],"replies":[{"embeddable":true,"href":"https:\/\/www.4ojos.com\/blog\/index.php?rest_route=%2Fwp%2Fv2%2Fcomments&post=6066"}],"version-history":[{"count":8,"href":"https:\/\/www.4ojos.com\/blog\/index.php?rest_route=\/wp\/v2\/posts\/6066\/revisions"}],"predecessor-version":[{"id":6071,"href":"https:\/\/www.4ojos.com\/blog\/index.php?rest_route=\/wp\/v2\/posts\/6066\/revisions\/6071"}],"wp:attachment":[{"href":"https:\/\/www.4ojos.com\/blog\/index.php?rest_route=%2Fwp%2Fv2%2Fmedia&parent=6066"}],"wp:term":[{"taxonomy":"category","embeddable":true,"href":"https:\/\/www.4ojos.com\/blog\/index.php?rest_route=%2Fwp%2Fv2%2Fcategories&post=6066"},{"taxonomy":"post_tag","embeddable":true,"href":"https:\/\/www.4ojos.com\/blog\/index.php?rest_route=%2Fwp%2Fv2%2Ftags&post=6066"}],"curies":[{"name":"wp","href":"https:\/\/api.w.org\/{rel}","templated":true}]}}