{"id":5867,"date":"2011-07-28T18:41:10","date_gmt":"2011-07-28T16:41:10","guid":{"rendered":"http:\/\/www.4ojos.com\/blog\/?p=5867"},"modified":"2011-07-29T13:35:19","modified_gmt":"2011-07-29T11:35:19","slug":"expo-de-cuadernos-en-el-museo-abcinauguracion","status":"publish","type":"post","link":"https:\/\/www.4ojos.com\/blog\/?p=5867","title":{"rendered":"expo de cuadernos en el museo ABC\/inauguraci\u00f3n"},"content":{"rendered":"<p><a href=\"http:\/\/www.4ojos.com\/blog\/imagenes\/actualidad\/ABC-inauguracion-cuadernos.jpg\"><img loading=\"lazy\" class=\"alignnone\" src=\"http:\/\/www.4ojos.com\/blog\/imagenes\/actualidad\/ABC-inauguracion-cuadernos.jpg\" alt=\"\" width=\"700\" height=\"1671\" \/><\/a><\/p>\n<p>Gran tarde la de ayer en el Museo ABC, donde se inaugur\u00f3 la expo de trabajos realizados durante el <a href=\"http:\/\/www.4ojos.com\/blog\/?tag=dibujamadrid\" target=\"_blank\"><strong>Dibujamadrid, de lo que ya he hablado aqu\u00ed<\/strong><\/a> y pudimos ver en unas vitrinas una peque\u00f1a muestra de los cuadernos de los ilustradores, con charlas y consejos en los paseos, que hemos articulado el proyecto. Pudimos reencontrar viejos amigos y tomar unas cervezas a la salud de futuros viajes y dibujos.<\/p>\n<p>La p\u00e1gina del Museo, con un breve texto m\u00edo sobre la exposici\u00f3n, <a href=\"http:\/\/www.museoabc.es\/es\/exposicion\/61\" target=\"_blank\"><strong>aqu\u00ed.<\/strong><\/a><\/p>\n<p><a href=\"http:\/\/www.abc.es\/20110728\/cultura-arte\/abci-museo-viaje-centro-dibujo-201107280041.html\" target=\"_blank\"><strong>Un art\u00edculo en ABC.<\/strong><\/a><\/p>\n<p><a href=\"http:\/\/www.elpais.com\/articulo\/madrid\/ciudad\/cuaderno\/viaje\/elpepuespmad\/20110729elpmad_14\/Tes\" target=\"_blank\"><strong>Un art\u00edculo en EL PAIS.<\/strong><\/a><\/p>\n<p>Post en <a href=\"http:\/\/www.republica.com\/2011\/07\/28\/un-viaje-a-traves-del-dibujo-madrid-y-no-solo-madrid-en-el-museo-abc_367455\/\" target=\"_blank\"><strong>REP\u00daBLICA.<\/strong><\/a><\/p>\n<p>Post en <a href=\"http:\/\/www.esmadrid.com\/es\/cargarBuscadorAgenda.do?codigoEvento=E23210&amp;codigoLocal=704&amp;tipo=1\" target=\"_blank\"><strong>ESMADRID.<\/strong><\/a><\/p>\n<p>Post en <a href=\"http:\/\/www.arquitecturadiaria.com\/2011\/07\/24\/madrid-y-no-solo-madrid-cuadernos-de-viaje-4\/\" target=\"_blank\"><strong>ARQUITECTURADIARIA.<\/strong><\/a><\/p>\n","protected":false},"excerpt":{"rendered":"<p>Gran tarde la de ayer en el Museo ABC, donde se inaugur\u00f3 la expo de trabajos realizados durante el Dibujamadrid, de lo que ya he hablado aqu\u00ed y pudimos ver en unas vitrinas una peque\u00f1a muestra de los cuadernos de los ilustradores, con charlas y consejos en los paseos, que hemos articulado el proyecto. Pudimos [&hellip;]<\/p>\n","protected":false},"author":1,"featured_media":0,"comment_status":"open","ping_status":"open","sticky":false,"template":"","format":"standard","meta":{"ngg_post_thumbnail":0},"categories":[12],"tags":[78,210,56],"_links":{"self":[{"href":"https:\/\/www.4ojos.com\/blog\/index.php?rest_route=\/wp\/v2\/posts\/5867"}],"collection":[{"href":"https:\/\/www.4ojos.com\/blog\/index.php?rest_route=\/wp\/v2\/posts"}],"about":[{"href":"https:\/\/www.4ojos.com\/blog\/index.php?rest_route=\/wp\/v2\/types\/post"}],"author":[{"embeddable":true,"href":"https:\/\/www.4ojos.com\/blog\/index.php?rest_route=\/wp\/v2\/users\/1"}],"replies":[{"embeddable":true,"href":"https:\/\/www.4ojos.com\/blog\/index.php?rest_route=%2Fwp%2Fv2%2Fcomments&post=5867"}],"version-history":[{"count":4,"href":"https:\/\/www.4ojos.com\/blog\/index.php?rest_route=\/wp\/v2\/posts\/5867\/revisions"}],"predecessor-version":[{"id":5877,"href":"https:\/\/www.4ojos.com\/blog\/index.php?rest_route=\/wp\/v2\/posts\/5867\/revisions\/5877"}],"wp:attachment":[{"href":"https:\/\/www.4ojos.com\/blog\/index.php?rest_route=%2Fwp%2Fv2%2Fmedia&parent=5867"}],"wp:term":[{"taxonomy":"category","embeddable":true,"href":"https:\/\/www.4ojos.com\/blog\/index.php?rest_route=%2Fwp%2Fv2%2Fcategories&post=5867"},{"taxonomy":"post_tag","embeddable":true,"href":"https:\/\/www.4ojos.com\/blog\/index.php?rest_route=%2Fwp%2Fv2%2Ftags&post=5867"}],"curies":[{"name":"wp","href":"https:\/\/api.w.org\/{rel}","templated":true}]}}