{"id":5840,"date":"2011-07-26T22:04:01","date_gmt":"2011-07-26T20:04:01","guid":{"rendered":"http:\/\/www.4ojos.com\/blog\/?p=5840"},"modified":"2011-07-28T20:17:44","modified_gmt":"2011-07-28T18:17:44","slug":"primer-foro-social","status":"publish","type":"post","link":"https:\/\/www.4ojos.com\/blog\/?p=5840","title":{"rendered":"primer foro social"},"content":{"rendered":"<p><a href=\"http:\/\/www.4ojos.com\/blog\/imagenes\/actualidad\/15M-039.jpg\"><img loading=\"lazy\" class=\"alignnone\" src=\"http:\/\/www.4ojos.com\/blog\/imagenes\/actualidad\/15M-039.jpg\" alt=\"\" width=\"700\" height=\"509\" \/><\/a><br \/>\n<a href=\"http:\/\/www.4ojos.com\/blog\/imagenes\/actualidad\/15M-040.jpg\"><img loading=\"lazy\" class=\"alignnone\" src=\"http:\/\/www.4ojos.com\/blog\/imagenes\/actualidad\/15M-040.jpg\" alt=\"\" width=\"700\" height=\"509\" \/><\/a><br \/>\n<a href=\"http:\/\/www.4ojos.com\/blog\/imagenes\/actualidad\/15M-041.jpg\"><img loading=\"lazy\" class=\"alignnone\" src=\"http:\/\/www.4ojos.com\/blog\/imagenes\/actualidad\/15M-041.jpg\" alt=\"\" width=\"700\" height=\"509\" \/><\/a><\/p>\n<p>Ayer se celebr\u00f3 en el Parque del Retiro de Madrid el Primer Foro Social Indignado, en el que participaron cientos de personas divididos en siete asambleas. La m\u00e1s concurrida, sobre Econom\u00eda, cont\u00f3 con la presencia del Nobel de econom\u00eda Stiglitz, a quien no pude ver por estar en ese momento en otro fregao. cosas de la sobreprogramaci\u00f3n&#8230;<br \/>\nLos chicos que <a href=\"http:\/\/www.elpais.com\/articulo\/madrid\/Cincuenta\/indignados\/emprenden\/ruta\/pie\/Sol\/Bruselas\/elpepiespmad\/20110727elpmad_8\/Tes\"><strong>comienzan a marchar hoy desde Madrid hasta Bruselas <\/strong><\/a>decidieron salir de Sol en direcci\u00f3n a Alcobendas, primera etapa de un largo camino que terminar\u00e1 el 8 de octubre en una reuni\u00f3n con caminantes de otros puntos de Europa. Animo desde aqu\u00ed&#8230;<\/p>\n<p><a href=\"http:\/\/www.4ojos.com\/blog\/imagenes\/actualidad\/foro-social3.jpg\"><img loading=\"lazy\" class=\"alignnone\" src=\"http:\/\/www.4ojos.com\/blog\/imagenes\/actualidad\/foro-social3.jpg\" alt=\"\" width=\"700\" height=\"201\" \/><\/a><\/p>\n<p><a href=\"http:\/\/www.4ojos.com\/blog\/imagenes\/actualidad\/foro-social2.jpg\"><img loading=\"lazy\" class=\"alignnone\" src=\"http:\/\/www.4ojos.com\/blog\/imagenes\/actualidad\/foro-social2.jpg\" alt=\"\" width=\"700\" height=\"210\" \/><\/a>[youtube]http:\/\/www.youtube.com\/watch?v=l6utKaNx5KI[\/youtube]<\/p>\n<p>La intervenci\u00f3n de Stiglitz<\/p>\n<p><a href=\"http:\/\/www.4ojos.com\/blog\/imagenes\/iconos\/CUADERNO-SOL-miniatura.jpg\"><img loading=\"lazy\" class=\"alignnone\" src=\"http:\/\/www.4ojos.com\/blog\/imagenes\/iconos\/CUADERNO-SOL-miniatura.jpg\" alt=\"\" width=\"120\" height=\"184\" \/><\/a><\/p>\n<p>Aprovecho para recordar que hoy lunes a las 21,30 presentamos el libro de mis dibujos de Sol, <a href=\"http:\/\/librosdeblur.blogspot.com\/2011\/07\/cuaderno-de-sol_12.html\" target=\"_blank\"><strong>que puede verse aqu\u00ed<\/strong><\/a>, en la<a href=\"http:\/\/estaesunaplaza.blogspot.com\/\" target=\"_blank\"><strong> Huerta de Lavapi\u00e9s (calle doctor Fourquet, 24)<\/strong><\/a>. Est\u00e1is todos invitados. Aqu\u00ed ten\u00e9is un mapa por si os perd\u00e9is por el barrio:<\/p>\n<p><a href=\"http:\/\/www.4ojos.com\/blog\/imagenes\/actualidad\/mapa-doctor-fourquet.jpg\"><img loading=\"lazy\" class=\"alignnone\" src=\"http:\/\/www.4ojos.com\/blog\/imagenes\/actualidad\/mapa-doctor-fourquet.jpg\" alt=\"\" width=\"700\" height=\"580\" \/><\/a><\/p>\n<p><a href=\"http:\/\/www.4ojos.com\/blog\/?tag=15m\" target=\"_blank\"><strong>Clica aqu\u00ed para ver el resto de mis dibujos del 15M<\/strong><\/a><strong><a href=\"http:\/\/www.4ojos.com\/blog\/?tag=15m\" target=\"_blank\"><strong>.<\/strong><\/a><\/strong> Las im\u00e1genes pueden ampliarse.<\/p>\n<p>Una galer\u00eda con mis fotos de los carteles de Sol, <a href=\"https:\/\/picasaweb.google.com\/enriqueflores1\/AcampadaSolGrafica\" target=\"_blank\"><strong>aqu\u00ed.<\/strong><\/a><\/p>\n<p>Algo de eco en los medios de esta serie de dibujos, <a href=\"http:\/\/www.4ojos.com\/blog\/?page_id=53\" target=\"_blank\"><strong>clicando aqu\u00ed.<\/strong><\/a><\/p>\n<p><a href=\"http:\/\/www.4ojos.com\/blog\/?tag=15m\" target=\"_blank\"><img loading=\"lazy\" class=\"alignnone\" src=\"http:\/\/www.4ojos.com\/blog\/imagenes\/iconos\/icono-cuaderno15M.jpg\" alt=\"\" width=\"59\" height=\"59\" \/><strong><\/strong><\/a><br \/>\n+info sobre el 15M<\/p>\n<ul>\n<li><a href=\"http:\/\/www.tomalaplaza.net\/\" target=\"_blank\"><strong>web<\/strong><\/a><\/li>\n<li><strong><a href=\"http:\/\/madrid.tomalaplaza.net\/\" target=\"_blank\"><strong>b<\/strong><\/a><\/strong><a href=\"http:\/\/madrid.tomalaplaza.net\/\" target=\"_blank\"><strong>log<\/strong><\/a><\/li>\n<li><a href=\"http:\/\/tomalosbarrios.net\/\" target=\"_blank\"><strong>asambleas de barrios<\/strong> <\/a><\/li>\n<li><a href=\"https:\/\/www.facebook.com\/pages\/Movimiento-15M\/211669055522959\" target=\"_blank\"><strong>facebook acampada<\/strong><\/a><\/li>\n<li><strong><a href=\"https:\/\/www.facebook.com\/pages\/Movimiento-15M\/211669055522959\" target=\"_blank\">facebook 15M<\/a><\/strong><\/li>\n<li><strong><a href=\"http:\/\/marchapopularindignada.wordpress.com\/\" target=\"_blank\">marchas populares indignados<\/a> <\/strong><strong> <\/strong><\/li>\n<li><strong><a href=\"http:\/\/www.democraciarealya.es\/\" target=\"_blank\">democracia real ya<\/a> <\/strong><strong> <\/strong><\/li>\n<li><strong><a href=\"https:\/\/twitter.com\/#%21\/search?q=%23nonosvamos\" target=\"_blank\">#nonosvamos<\/a>, <\/strong><\/li>\n<li><strong> <a href=\"https:\/\/twitter.com\/#%21\/search?q=%23acampadasol\" target=\"_blank\">#acampadasol<\/a> <\/strong><\/li>\n<li><strong> <a href=\"https:\/\/twitter.com\/#%21\/search?q=%23tomalaplaza\" target=\"_blank\">#tomalaplaza<\/a><\/strong><\/li>\n<li><a href=\"https:\/\/twitter.com\/#!\/search\/%23spanishrevolution\" target=\"_blank\"><strong>#spanishrevolution<\/strong><\/a><\/li>\n<li><strong><a href=\"https:\/\/twitter.com\/#!\/search?q=%2315M\" target=\"_blank\">#15M<\/a> <\/strong><\/li>\n<\/ul>\n","protected":false},"excerpt":{"rendered":"<p>Ayer se celebr\u00f3 en el Parque del Retiro de Madrid el Primer Foro Social Indignado, en el que participaron cientos de personas divididos en siete asambleas. La m\u00e1s concurrida, sobre Econom\u00eda, cont\u00f3 con la presencia del Nobel de econom\u00eda Stiglitz, a quien no pude ver por estar en ese momento en otro fregao. cosas de [&hellip;]<\/p>\n","protected":false},"author":1,"featured_media":0,"comment_status":"open","ping_status":"open","sticky":false,"template":"","format":"standard","meta":{"ngg_post_thumbnail":0},"categories":[13,12],"tags":[208,78,158],"_links":{"self":[{"href":"https:\/\/www.4ojos.com\/blog\/index.php?rest_route=\/wp\/v2\/posts\/5840"}],"collection":[{"href":"https:\/\/www.4ojos.com\/blog\/index.php?rest_route=\/wp\/v2\/posts"}],"about":[{"href":"https:\/\/www.4ojos.com\/blog\/index.php?rest_route=\/wp\/v2\/types\/post"}],"author":[{"embeddable":true,"href":"https:\/\/www.4ojos.com\/blog\/index.php?rest_route=\/wp\/v2\/users\/1"}],"replies":[{"embeddable":true,"href":"https:\/\/www.4ojos.com\/blog\/index.php?rest_route=%2Fwp%2Fv2%2Fcomments&post=5840"}],"version-history":[{"count":5,"href":"https:\/\/www.4ojos.com\/blog\/index.php?rest_route=\/wp\/v2\/posts\/5840\/revisions"}],"predecessor-version":[{"id":5872,"href":"https:\/\/www.4ojos.com\/blog\/index.php?rest_route=\/wp\/v2\/posts\/5840\/revisions\/5872"}],"wp:attachment":[{"href":"https:\/\/www.4ojos.com\/blog\/index.php?rest_route=%2Fwp%2Fv2%2Fmedia&parent=5840"}],"wp:term":[{"taxonomy":"category","embeddable":true,"href":"https:\/\/www.4ojos.com\/blog\/index.php?rest_route=%2Fwp%2Fv2%2Fcategories&post=5840"},{"taxonomy":"post_tag","embeddable":true,"href":"https:\/\/www.4ojos.com\/blog\/index.php?rest_route=%2Fwp%2Fv2%2Ftags&post=5840"}],"curies":[{"name":"wp","href":"https:\/\/api.w.org\/{rel}","templated":true}]}}