{"id":5681,"date":"2011-06-30T18:27:28","date_gmt":"2011-06-30T16:27:28","guid":{"rendered":"http:\/\/www.4ojos.com\/blog\/?p=5681"},"modified":"2011-06-30T18:27:28","modified_gmt":"2011-06-30T16:27:28","slug":"dibujamadrid5artistas","status":"publish","type":"post","link":"https:\/\/www.4ojos.com\/blog\/?p=5681","title":{"rendered":"dibujamadrid\/5artistas"},"content":{"rendered":"<p><a href=\"http:\/\/www.4ojos.com\/blog\/imagenes\/varios\/ABC-gusti.jpg\"><img loading=\"lazy\" class=\"alignnone\" src=\"http:\/\/www.4ojos.com\/blog\/imagenes\/varios\/ABC-gusti.jpg\" alt=\"\" width=\"700\" height=\"509\" \/><\/a><br \/>\n<a href=\"http:\/\/www.4ojos.com\/blog\/imagenes\/varios\/ABC-josemar.jpg\"><img loading=\"lazy\" class=\"alignnone\" src=\"http:\/\/www.4ojos.com\/blog\/imagenes\/varios\/ABC-josemari.jpg\" alt=\"\" width=\"700\" height=\"509\" \/><\/a><br \/>\n<a href=\"http:\/\/www.4ojos.com\/blog\/imagenes\/varios\/ABC-arranz.jpg\"><img loading=\"lazy\" class=\"alignnone\" src=\"http:\/\/www.4ojos.com\/blog\/imagenes\/varios\/ABC-arranz.jpg\" alt=\"\" width=\"700\" height=\"509\" \/><\/a><br \/>\n<a href=\"http:\/\/www.4ojos.com\/blog\/imagenes\/varios\/ABC-antonia.jpg\"><img loading=\"lazy\" class=\"alignnone\" src=\"http:\/\/www.4ojos.com\/blog\/imagenes\/varios\/ABC-antonia.jpg\" alt=\"\" width=\"700\" height=\"509\" \/><\/a><br \/>\n<a href=\"http:\/\/www.4ojos.com\/blog\/imagenes\/varios\/ABC-alfredo.jpg\"><img loading=\"lazy\" class=\"alignnone\" src=\"http:\/\/www.4ojos.com\/blog\/imagenes\/varios\/ABC-alfredo.jpg\" alt=\"\" width=\"700\" height=\"509\" \/><\/a><\/p>\n<p>Estas son las notas que tom\u00e9 durante las <a href=\"http:\/\/www.museoabc.es\/es\/exposicion\/51\" target=\"_blank\"><strong>charlas que han dado este mes de junio en el Museo ABC l<\/strong><\/a>os grandes del dibujo callejero: Gusti, Jose Mar\u00eda S\u00e1nchez, Arranz, Antonia Santolaya y Alfredo.<br \/>\nEl s\u00e1bado a las 19 horas me toca a mi. Me han dejado el list\u00f3n muy alto, pero procurar\u00e9 pasar la prueba hablando sobre c\u00f3mo fue lo de ir a dibujar a India. Entrada libre. All\u00ed os espero.<\/p>\n","protected":false},"excerpt":{"rendered":"<p>Estas son las notas que tom\u00e9 durante las charlas que han dado este mes de junio en el Museo ABC los grandes del dibujo callejero: Gusti, Jose Mar\u00eda S\u00e1nchez, Arranz, Antonia Santolaya y Alfredo. El s\u00e1bado a las 19 horas me toca a mi. Me han dejado el list\u00f3n muy alto, pero procurar\u00e9 pasar la [&hellip;]<\/p>\n","protected":false},"author":1,"featured_media":0,"comment_status":"open","ping_status":"open","sticky":false,"template":"","format":"standard","meta":{"ngg_post_thumbnail":0},"categories":[12],"tags":[197,210],"_links":{"self":[{"href":"https:\/\/www.4ojos.com\/blog\/index.php?rest_route=\/wp\/v2\/posts\/5681"}],"collection":[{"href":"https:\/\/www.4ojos.com\/blog\/index.php?rest_route=\/wp\/v2\/posts"}],"about":[{"href":"https:\/\/www.4ojos.com\/blog\/index.php?rest_route=\/wp\/v2\/types\/post"}],"author":[{"embeddable":true,"href":"https:\/\/www.4ojos.com\/blog\/index.php?rest_route=\/wp\/v2\/users\/1"}],"replies":[{"embeddable":true,"href":"https:\/\/www.4ojos.com\/blog\/index.php?rest_route=%2Fwp%2Fv2%2Fcomments&post=5681"}],"version-history":[{"count":1,"href":"https:\/\/www.4ojos.com\/blog\/index.php?rest_route=\/wp\/v2\/posts\/5681\/revisions"}],"predecessor-version":[{"id":5682,"href":"https:\/\/www.4ojos.com\/blog\/index.php?rest_route=\/wp\/v2\/posts\/5681\/revisions\/5682"}],"wp:attachment":[{"href":"https:\/\/www.4ojos.com\/blog\/index.php?rest_route=%2Fwp%2Fv2%2Fmedia&parent=5681"}],"wp:term":[{"taxonomy":"category","embeddable":true,"href":"https:\/\/www.4ojos.com\/blog\/index.php?rest_route=%2Fwp%2Fv2%2Fcategories&post=5681"},{"taxonomy":"post_tag","embeddable":true,"href":"https:\/\/www.4ojos.com\/blog\/index.php?rest_route=%2Fwp%2Fv2%2Ftags&post=5681"}],"curies":[{"name":"wp","href":"https:\/\/api.w.org\/{rel}","templated":true}]}}