{"id":5052,"date":"2011-04-01T01:50:38","date_gmt":"2011-03-31T23:50:38","guid":{"rendered":"http:\/\/www.4ojos.com\/blog\/?p=5052"},"modified":"2011-04-03T04:18:51","modified_gmt":"2011-04-03T02:18:51","slug":"salita-de-caceres2","status":"publish","type":"post","link":"https:\/\/www.4ojos.com\/blog\/?p=5052","title":{"rendered":"salita de c\u00e1ceres\/2"},"content":{"rendered":"<p><a href=\"http:\/\/www.4ojos.com\/blog\/imagenes\/varios\/salita\/salita8.jpg\"><img loading=\"lazy\" class=\"alignnone\" src=\"http:\/\/www.4ojos.com\/blog\/imagenes\/varios\/salita\/salita8.jpg\" alt=\"\" width=\"700\" height=\"475\" \/><\/a><\/p>\n<p><a href=\"http:\/\/www.4ojos.com\/blog\/imagenes\/varios\/salita\/salita9.jpg\"><img loading=\"lazy\" class=\"alignnone\" src=\"http:\/\/www.4ojos.com\/blog\/imagenes\/varios\/salita\/salita9.jpg\" alt=\"\" width=\"700\" height=\"470\" \/><\/a><\/p>\n<p><a href=\"http:\/\/www.4ojos.com\/blog\/imagenes\/varios\/salita\/salita10.jpg\"><img loading=\"lazy\" class=\"alignnone\" src=\"http:\/\/www.4ojos.com\/blog\/imagenes\/varios\/salita\/salita10.jpg\" alt=\"\" width=\"700\" height=\"463\" \/><\/a><\/p>\n<p><a href=\"http:\/\/www.4ojos.com\/blog\/imagenes\/varios\/salita\/salita11.jpg\"><img loading=\"lazy\" class=\"alignnone\" src=\"http:\/\/www.4ojos.com\/blog\/imagenes\/varios\/salita\/salita11.jpg\" alt=\"\" width=\"700\" height=\"459\" \/><\/a><\/p>\n<p>Por fin he tenido tiempo para escanear las p\u00e1ginas que me faltaban de la cr\u00f3nica dibujada de la <a href=\"http:\/\/salitadelcomic.blogspot.com\" target=\"_blank\"><strong>Segunda Salita del C\u00f3mic Iberoamericano de C\u00e1ceres<\/strong><\/a>, donde gracias a la gesti\u00f3n de <a href=\"http:\/\/extremaduracomic.blogspot.com\/\" target=\"_blank\"><strong>Extrebeo<\/strong><\/a> y a la colaboraci\u00f3n de la <a href=\"http:\/\/feriaarteaparte.blogspot.com\/\" target=\"_blank\"><strong>Sala Belle Artes<\/strong><\/a> y el <a href=\"http:\/\/www.cexeci.org\/\" target=\"_blank\"><strong>CEXECI<\/strong><\/a> pude disfrutar de unos productivos e intensos d\u00edas junto a mis amigos <a href=\"http:\/\/decimavictima.blogspot.com\/\" target=\"_blank\"><strong>Jose Luis Forte<\/strong><\/a>, <a href=\"http:\/\/www.ferminsolis.com\/\" target=\"_blank\"><strong>Ferm\u00edn Sol\u00eds<\/strong><\/a>, etc, etc, etc (la lista es demasiado larga y me dejar\u00eda alguno atr\u00e1s, as\u00ed es que me perdonar\u00e9is si no la escribo completa).<\/p>\n<p>Pod\u00e9is ver las p\u00e1ginas anteriores de mi cr\u00f3nica <a href=\"http:\/\/www.4ojos.com\/blog\/?p=5035\" target=\"_blank\"><strong>aqu\u00ed.<\/strong><\/a> Otras entradas anteriores sobre la Salita, <a href=\"http:\/\/www.4ojos.com\/blog\/?p=5009\" target=\"_blank\"><strong>aqu\u00ed <\/strong><\/a><strong>y<\/strong><strong> <a href=\"http:\/\/www.4ojos.com\/blog\/?p=3439\" target=\"_blank\">aqu\u00ed<\/a><\/strong><a href=\"http:\/\/www.4ojos.com\/blog\/?p=5009\" target=\"_blank\"><strong>.<\/strong><\/a> Y, como bonus track, unas fotos, <a href=\"https:\/\/picasaweb.google.com\/enriqueflores1\/Caceres#\" target=\"_blank\"><strong>aqu\u00ed.<\/strong><\/a><\/p>\n<p>Las im\u00e1genes se ampl\u00edan clicando sobre ellas<\/p>\n","protected":false},"excerpt":{"rendered":"<p>Por fin he tenido tiempo para escanear las p\u00e1ginas que me faltaban de la cr\u00f3nica dibujada de la Segunda Salita del C\u00f3mic Iberoamericano de C\u00e1ceres, donde gracias a la gesti\u00f3n de Extrebeo y a la colaboraci\u00f3n de la Sala Belle Artes y el CEXECI pude disfrutar de unos productivos e intensos d\u00edas junto a mis [&hellip;]<\/p>\n","protected":false},"author":1,"featured_media":0,"comment_status":"open","ping_status":"open","sticky":false,"template":"","format":"standard","meta":{"ngg_post_thumbnail":0},"categories":[13],"tags":[197,78,106,48],"_links":{"self":[{"href":"https:\/\/www.4ojos.com\/blog\/index.php?rest_route=\/wp\/v2\/posts\/5052"}],"collection":[{"href":"https:\/\/www.4ojos.com\/blog\/index.php?rest_route=\/wp\/v2\/posts"}],"about":[{"href":"https:\/\/www.4ojos.com\/blog\/index.php?rest_route=\/wp\/v2\/types\/post"}],"author":[{"embeddable":true,"href":"https:\/\/www.4ojos.com\/blog\/index.php?rest_route=\/wp\/v2\/users\/1"}],"replies":[{"embeddable":true,"href":"https:\/\/www.4ojos.com\/blog\/index.php?rest_route=%2Fwp%2Fv2%2Fcomments&post=5052"}],"version-history":[{"count":5,"href":"https:\/\/www.4ojos.com\/blog\/index.php?rest_route=\/wp\/v2\/posts\/5052\/revisions"}],"predecessor-version":[{"id":5074,"href":"https:\/\/www.4ojos.com\/blog\/index.php?rest_route=\/wp\/v2\/posts\/5052\/revisions\/5074"}],"wp:attachment":[{"href":"https:\/\/www.4ojos.com\/blog\/index.php?rest_route=%2Fwp%2Fv2%2Fmedia&parent=5052"}],"wp:term":[{"taxonomy":"category","embeddable":true,"href":"https:\/\/www.4ojos.com\/blog\/index.php?rest_route=%2Fwp%2Fv2%2Fcategories&post=5052"},{"taxonomy":"post_tag","embeddable":true,"href":"https:\/\/www.4ojos.com\/blog\/index.php?rest_route=%2Fwp%2Fv2%2Ftags&post=5052"}],"curies":[{"name":"wp","href":"https:\/\/api.w.org\/{rel}","templated":true}]}}