{"id":4621,"date":"2011-01-27T09:52:13","date_gmt":"2011-01-27T07:52:13","guid":{"rendered":"http:\/\/www.4ojos.com\/blog\/?p=4621"},"modified":"2011-02-09T16:32:19","modified_gmt":"2011-02-09T14:32:19","slug":"almada","status":"publish","type":"post","link":"https:\/\/www.4ojos.com\/blog\/?p=4621","title":{"rendered":"almada"},"content":{"rendered":"<p><a href=\"http:\/\/www.4ojos.com\/blog\/imagenes\/varios\/expo-almada.jpg\"><img loading=\"lazy\" class=\"alignnone\" src=\"http:\/\/www.4ojos.com\/blog\/imagenes\/varios\/expo-almada.jpg\" alt=\"\" width=\"700\" height=\"902\" \/><\/a><a href=\"http:\/\/www.4ojos.com\/blog\/imagenes\/varios\/expo-almada1.jpg\"><img loading=\"lazy\" class=\"alignnone\" src=\"http:\/\/www.4ojos.com\/blog\/imagenes\/varios\/expo-almada1.jpg\" alt=\"\" width=\"700\" height=\"858\" \/><\/a><\/p>\n<p>Algunos de los cuadernos que he ido rellenando por el Norte de Africa podr\u00e1n verse en la exposici\u00f3n &#8220;Di\u00e1rios Gr\u00e1ficos em Almada. N\u00e3o somos desenhadores perfeitos&#8221; en el Museu da Cidade de Almada, Portugal. Si os apetece acercaros, la inauguraci\u00f3n es el 29 de enero a las 17 horas. Arriba ense\u00f1o mis p\u00e1ginas del cat\u00e1logo. Pod\u00e9is ver el cat\u00e1logo completo de la muestra<a href=\"http:\/\/issuu.com\/gomadesign\/docs\/diariosgraficos\" target=\"_blank\"><strong> aqu\u00ed.<\/strong><\/a><\/p>\n","protected":false},"excerpt":{"rendered":"<p>Algunos de los cuadernos que he ido rellenando por el Norte de Africa podr\u00e1n verse en la exposici\u00f3n &#8220;Di\u00e1rios Gr\u00e1ficos em Almada. N\u00e3o somos desenhadores perfeitos&#8221; en el Museu da Cidade de Almada, Portugal. Si os apetece acercaros, la inauguraci\u00f3n es el 29 de enero a las 17 horas. Arriba ense\u00f1o mis p\u00e1ginas del cat\u00e1logo. [&hellip;]<\/p>\n","protected":false},"author":1,"featured_media":0,"comment_status":"open","ping_status":"open","sticky":false,"template":"","format":"standard","meta":{"ngg_post_thumbnail":0},"categories":[13],"tags":[78,56],"_links":{"self":[{"href":"https:\/\/www.4ojos.com\/blog\/index.php?rest_route=\/wp\/v2\/posts\/4621"}],"collection":[{"href":"https:\/\/www.4ojos.com\/blog\/index.php?rest_route=\/wp\/v2\/posts"}],"about":[{"href":"https:\/\/www.4ojos.com\/blog\/index.php?rest_route=\/wp\/v2\/types\/post"}],"author":[{"embeddable":true,"href":"https:\/\/www.4ojos.com\/blog\/index.php?rest_route=\/wp\/v2\/users\/1"}],"replies":[{"embeddable":true,"href":"https:\/\/www.4ojos.com\/blog\/index.php?rest_route=%2Fwp%2Fv2%2Fcomments&post=4621"}],"version-history":[{"count":3,"href":"https:\/\/www.4ojos.com\/blog\/index.php?rest_route=\/wp\/v2\/posts\/4621\/revisions"}],"predecessor-version":[{"id":4623,"href":"https:\/\/www.4ojos.com\/blog\/index.php?rest_route=\/wp\/v2\/posts\/4621\/revisions\/4623"}],"wp:attachment":[{"href":"https:\/\/www.4ojos.com\/blog\/index.php?rest_route=%2Fwp%2Fv2%2Fmedia&parent=4621"}],"wp:term":[{"taxonomy":"category","embeddable":true,"href":"https:\/\/www.4ojos.com\/blog\/index.php?rest_route=%2Fwp%2Fv2%2Fcategories&post=4621"},{"taxonomy":"post_tag","embeddable":true,"href":"https:\/\/www.4ojos.com\/blog\/index.php?rest_route=%2Fwp%2Fv2%2Ftags&post=4621"}],"curies":[{"name":"wp","href":"https:\/\/api.w.org\/{rel}","templated":true}]}}