{"id":4466,"date":"2010-12-14T03:50:51","date_gmt":"2010-12-14T01:50:51","guid":{"rendered":"http:\/\/www.4ojos.com\/blog\/?p=4466"},"modified":"2010-12-14T04:17:09","modified_gmt":"2010-12-14T02:17:09","slug":"el-jinete-azul-2","status":"publish","type":"post","link":"https:\/\/www.4ojos.com\/blog\/?p=4466","title":{"rendered":"el jinete azul"},"content":{"rendered":"<p><a href=\"http:\/\/www.4ojos.com\/blog\/imagenes\/otros\/jinete-azul-salon.jpg\"><img loading=\"lazy\" class=\"alignnone\" src=\"http:\/\/www.4ojos.com\/blog\/imagenes\/otros\/jinete-azul-salon.jpg\" alt=\"\" width=\"700\" height=\"394\" \/><\/a><\/p>\n<p><a href=\"http:\/\/www.edicioneseljineteazul.com\/web.php?idioma=es\" target=\"_blank\"><strong>El Jinete Azul<\/strong><\/a>, de quien ya he hablado <a href=\"http:\/\/www.4ojos.com\/blog\/index.php?s=jinete+azul\" target=\"_blank\"><strong>aqu\u00ed<\/strong><\/a>, presenta ma\u00f1ana sus novedades editoriales en el<a href=\"http:\/\/nosolometro.blogspot.com\/2010\/12\/salon-del-libro-infantil-y-juvenil-de.html\" target=\"_blank\"><strong> Sal\u00f3n del Libro Infantil y Juvenil de Madrid.<\/strong><\/a><\/p>\n<p>Por una desafortunada coincidencia el acto est\u00e1 programado media hora antes de la inauguraci\u00f3n de la exposici\u00f3n de mis dibujos del <a href=\"http:\/\/www.4ojos.com\/blog\/?p=4452\" target=\"_blank\"><strong>Transcant\u00e1brico,<\/strong><\/a> as\u00ed es que tendr\u00e9 que multiplicarme&#8230;<\/p>\n","protected":false},"excerpt":{"rendered":"<p>El Jinete Azul, de quien ya he hablado aqu\u00ed, presenta ma\u00f1ana sus novedades editoriales en el Sal\u00f3n del Libro Infantil y Juvenil de Madrid. Por una desafortunada coincidencia el acto est\u00e1 programado media hora antes de la inauguraci\u00f3n de la exposici\u00f3n de mis dibujos del Transcant\u00e1brico, as\u00ed es que tendr\u00e9 que multiplicarme&#8230;<\/p>\n","protected":false},"author":1,"featured_media":0,"comment_status":"open","ping_status":"open","sticky":false,"template":"","format":"standard","meta":{"ngg_post_thumbnail":0},"categories":[12],"tags":[197],"_links":{"self":[{"href":"https:\/\/www.4ojos.com\/blog\/index.php?rest_route=\/wp\/v2\/posts\/4466"}],"collection":[{"href":"https:\/\/www.4ojos.com\/blog\/index.php?rest_route=\/wp\/v2\/posts"}],"about":[{"href":"https:\/\/www.4ojos.com\/blog\/index.php?rest_route=\/wp\/v2\/types\/post"}],"author":[{"embeddable":true,"href":"https:\/\/www.4ojos.com\/blog\/index.php?rest_route=\/wp\/v2\/users\/1"}],"replies":[{"embeddable":true,"href":"https:\/\/www.4ojos.com\/blog\/index.php?rest_route=%2Fwp%2Fv2%2Fcomments&post=4466"}],"version-history":[{"count":2,"href":"https:\/\/www.4ojos.com\/blog\/index.php?rest_route=\/wp\/v2\/posts\/4466\/revisions"}],"predecessor-version":[{"id":4470,"href":"https:\/\/www.4ojos.com\/blog\/index.php?rest_route=\/wp\/v2\/posts\/4466\/revisions\/4470"}],"wp:attachment":[{"href":"https:\/\/www.4ojos.com\/blog\/index.php?rest_route=%2Fwp%2Fv2%2Fmedia&parent=4466"}],"wp:term":[{"taxonomy":"category","embeddable":true,"href":"https:\/\/www.4ojos.com\/blog\/index.php?rest_route=%2Fwp%2Fv2%2Fcategories&post=4466"},{"taxonomy":"post_tag","embeddable":true,"href":"https:\/\/www.4ojos.com\/blog\/index.php?rest_route=%2Fwp%2Fv2%2Ftags&post=4466"}],"curies":[{"name":"wp","href":"https:\/\/api.w.org\/{rel}","templated":true}]}}