{"id":3228,"date":"2010-05-24T03:10:43","date_gmt":"2010-05-24T01:10:43","guid":{"rendered":"http:\/\/www.4ojos.com\/blog\/?p=3228"},"modified":"2010-05-24T14:41:42","modified_gmt":"2010-05-24T12:41:42","slug":"isidro-ferrer","status":"publish","type":"post","link":"https:\/\/www.4ojos.com\/blog\/?p=3228","title":{"rendered":"isidro ferrer"},"content":{"rendered":"<p><object width=\"700\" height=\"525\" data=\"http:\/\/vimeo.com\/moogaloop.swf?clip_id=7474168&amp;server=vimeo.com&amp;show_title=1&amp;show_byline=0&amp;show_portrait=1&amp;color=00ADEF&amp;fullscreen=1\" type=\"application\/x-shockwave-flash\"><param name=\"allowfullscreen\" value=\"true\" \/><param name=\"allowscriptaccess\" value=\"always\" \/><param name=\"src\" value=\"http:\/\/vimeo.com\/moogaloop.swf?clip_id=7474168&amp;server=vimeo.com&amp;show_title=1&amp;show_byline=0&amp;show_portrait=1&amp;color=00ADEF&amp;fullscreen=1\" \/><\/object><\/p>\n<p>La m\u00e1s completa web dedicada al mundo del arte, <a href=\"http:\/\/www.aaaaarte.com\" target=\"_blank\"><strong>aaaaarte.com<\/strong><\/a>, ha inaugurado una exposici\u00f3n virtual dedicada a Isidro Ferrer, nuestro funambulista preferido, que puede verse y leerse <strong><a href=\"http:\/\/aaaaarte.com\/archivo\/expone\" target=\"_blank\">aqu\u00ed<\/a> <\/strong>y que complementa <a href=\"http:\/\/www.4ojos.com\/blog\/?p=3444\" target=\"_blank\"><strong>la miniexposici\u00f3n de sus trabajos que puede verse estos d\u00edas en la Galer\u00eda Benassar de Madrid<\/strong><\/a><br \/>\n<a href=\"http:\/\/fotokino.org\/spip.php?article794\" target=\"_blank\"><strong><\/strong><\/a><\/p>\n<p>Otra expo, <a href=\"http:\/\/www.h2omagazine.com\/expo37\/\" target=\"_blank\"><strong>aqu\u00ed.<\/strong><\/a><\/p>\n<p>Una entrevista, <a href=\"http:\/\/www.h2omagazine.com\/design\/220703_01.html\" target=\"_blank\"><strong>aqu\u00ed.<\/strong><\/a><\/p>\n<p>Un cuaderno, <a href=\"http:\/\/fotokino.org\/spip.php?article794\" target=\"_blank\"><strong>aqu\u00ed<\/strong><\/a>.<\/p>\n","protected":false},"excerpt":{"rendered":"<p>La m\u00e1s completa web dedicada al mundo del arte, aaaaarte.com, ha inaugurado una exposici\u00f3n virtual dedicada a Isidro Ferrer, nuestro funambulista preferido, que puede verse y leerse aqu\u00ed y que complementa la miniexposici\u00f3n de sus trabajos que puede verse estos d\u00edas en la Galer\u00eda Benassar de Madrid Otra expo, aqu\u00ed. Una entrevista, aqu\u00ed. Un cuaderno, [&hellip;]<\/p>\n","protected":false},"author":1,"featured_media":0,"comment_status":"open","ping_status":"open","sticky":false,"template":"","format":"standard","meta":{"ngg_post_thumbnail":0},"categories":[9],"tags":[72,56],"_links":{"self":[{"href":"https:\/\/www.4ojos.com\/blog\/index.php?rest_route=\/wp\/v2\/posts\/3228"}],"collection":[{"href":"https:\/\/www.4ojos.com\/blog\/index.php?rest_route=\/wp\/v2\/posts"}],"about":[{"href":"https:\/\/www.4ojos.com\/blog\/index.php?rest_route=\/wp\/v2\/types\/post"}],"author":[{"embeddable":true,"href":"https:\/\/www.4ojos.com\/blog\/index.php?rest_route=\/wp\/v2\/users\/1"}],"replies":[{"embeddable":true,"href":"https:\/\/www.4ojos.com\/blog\/index.php?rest_route=%2Fwp%2Fv2%2Fcomments&post=3228"}],"version-history":[{"count":5,"href":"https:\/\/www.4ojos.com\/blog\/index.php?rest_route=\/wp\/v2\/posts\/3228\/revisions"}],"predecessor-version":[{"id":3508,"href":"https:\/\/www.4ojos.com\/blog\/index.php?rest_route=\/wp\/v2\/posts\/3228\/revisions\/3508"}],"wp:attachment":[{"href":"https:\/\/www.4ojos.com\/blog\/index.php?rest_route=%2Fwp%2Fv2%2Fmedia&parent=3228"}],"wp:term":[{"taxonomy":"category","embeddable":true,"href":"https:\/\/www.4ojos.com\/blog\/index.php?rest_route=%2Fwp%2Fv2%2Fcategories&post=3228"},{"taxonomy":"post_tag","embeddable":true,"href":"https:\/\/www.4ojos.com\/blog\/index.php?rest_route=%2Fwp%2Fv2%2Ftags&post=3228"}],"curies":[{"name":"wp","href":"https:\/\/api.w.org\/{rel}","templated":true}]}}