{"id":13482,"date":"2017-03-03T11:59:11","date_gmt":"2017-03-03T09:59:11","guid":{"rendered":"http:\/\/www.4ojos.com\/blog\/?p=13482"},"modified":"2017-03-03T11:59:11","modified_gmt":"2017-03-03T09:59:11","slug":"la-cuarta-pagina705","status":"publish","type":"post","link":"https:\/\/www.4ojos.com\/blog\/?p=13482","title":{"rendered":"la cuarta p\u00e1gina\/705"},"content":{"rendered":"<p><a href=\"http:\/\/www.4ojos.com\/blog\/imagenes\/prensa\/el-pais\/el-pais-cuarta-pagina-reforma-consitucional.jpg\"><img loading=\"lazy\" class=\"alignnone\" src=\"http:\/\/www.4ojos.com\/blog\/imagenes\/prensa\/el-pais\/el-pais-cuarta-pagina-reforma-consitucional.jpg\" alt=\"\" width=\"500\" height=\"825\" \/><\/a><\/p>\n<div>\n<div>\n<div><a title=\"Ver todas las noticias de Javier Garc\u00eda Fern\u00e1ndez\" href=\"http:\/\/elpais.com\/elpais\/2017\/02\/19\/opinion\/1487533738_010763.html\"><\/p>\n<h1 id=\"articulo-titulo\">La reforma de la Constituci\u00f3n, por<a title=\"Ver todas las noticias de Javier Garc\u00eda Fern\u00e1ndez\" href=\"http:\/\/elpais.com\/autor\/javier_garcia_fernandez\/a\/\"> Javier Garc\u00eda Fern\u00e1ndez <\/a><\/h1>\n<p><\/a><\/div>\n<\/div>\n<\/div>\n","protected":false},"excerpt":{"rendered":"<p>La reforma de la Constituci\u00f3n, por Javier Garc\u00eda Fern\u00e1ndez<\/p>\n","protected":false},"author":1,"featured_media":0,"comment_status":"open","ping_status":"open","sticky":false,"template":"","format":"standard","meta":{"ngg_post_thumbnail":0},"categories":[13],"tags":[16],"_links":{"self":[{"href":"https:\/\/www.4ojos.com\/blog\/index.php?rest_route=\/wp\/v2\/posts\/13482"}],"collection":[{"href":"https:\/\/www.4ojos.com\/blog\/index.php?rest_route=\/wp\/v2\/posts"}],"about":[{"href":"https:\/\/www.4ojos.com\/blog\/index.php?rest_route=\/wp\/v2\/types\/post"}],"author":[{"embeddable":true,"href":"https:\/\/www.4ojos.com\/blog\/index.php?rest_route=\/wp\/v2\/users\/1"}],"replies":[{"embeddable":true,"href":"https:\/\/www.4ojos.com\/blog\/index.php?rest_route=%2Fwp%2Fv2%2Fcomments&post=13482"}],"version-history":[{"count":1,"href":"https:\/\/www.4ojos.com\/blog\/index.php?rest_route=\/wp\/v2\/posts\/13482\/revisions"}],"predecessor-version":[{"id":13483,"href":"https:\/\/www.4ojos.com\/blog\/index.php?rest_route=\/wp\/v2\/posts\/13482\/revisions\/13483"}],"wp:attachment":[{"href":"https:\/\/www.4ojos.com\/blog\/index.php?rest_route=%2Fwp%2Fv2%2Fmedia&parent=13482"}],"wp:term":[{"taxonomy":"category","embeddable":true,"href":"https:\/\/www.4ojos.com\/blog\/index.php?rest_route=%2Fwp%2Fv2%2Fcategories&post=13482"},{"taxonomy":"post_tag","embeddable":true,"href":"https:\/\/www.4ojos.com\/blog\/index.php?rest_route=%2Fwp%2Fv2%2Ftags&post=13482"}],"curies":[{"name":"wp","href":"https:\/\/api.w.org\/{rel}","templated":true}]}}