{"id":13152,"date":"2016-01-31T01:24:54","date_gmt":"2016-01-30T23:24:54","guid":{"rendered":"http:\/\/www.4ojos.com\/blog\/?p=13152"},"modified":"2016-02-01T14:06:36","modified_gmt":"2016-02-01T12:06:36","slug":"primer-encuentro-de-iniciativas-ciudadanas","status":"publish","type":"post","link":"https:\/\/www.4ojos.com\/blog\/?p=13152","title":{"rendered":"primer encuentro de iniciativas ciudadanas"},"content":{"rendered":"<p><a href=\"http:\/\/www.4ojos.com\/blog\/imagenes\/actualidad\/eva-30-1-16.jpg\"><img loading=\"lazy\" class=\"alignnone\" src=\"http:\/\/www.4ojos.com\/blog\/imagenes\/actualidad\/eva-30-1-16.jpg\" alt=\"\" width=\"700\" height=\"365\" \/><\/a><\/p>\n<p>El pasado s\u00e1bado hubo una reuni\u00f3n bien interesante y concurrida en el Espacio Vecinal de Arganzuela. M\u00e1s de 150 personas se reunieron en el primer encuentro de iniciativas ciudadanas para hablar de estrategias comunes a la hora de negociar con la administraci\u00f3n la cesi\u00f3n de espacios para los vecinos y el grado de autonom\u00eda de estos.<\/p>\n<p>De fuera de Madrid vino gente de La Casa Invisible de M\u00e1laga, La F\u00e1brica de Toda la Vida de Los Santos de Maimona. el Ateneo Nou Barris y el Ateneo Candela de Barcelona y el Centro Social Luis Bu\u00f1uel de Zaragoza. De los de aqu\u00ed me agrad\u00f3 encontrar compa\u00f1eros de Esto es una plaza, Campo de Cebada, Seko o Patio Maravillas.<\/p>\n<p>El mel\u00f3n est\u00e1 abierto.<\/p>\n<p>M\u00e1s info en www.espaciosciudadanos.org donde pod\u00e9is ver la propuesta de <a href=\"http:\/\/www.espaciosciudadanos.org\/marco-comun-para-la-cesion-de-espacios-destinados-a-la-autogestion-ciudadana\/\" target=\"_blank\"><strong>Marco Com\u00fan para la Cesi\u00f3n de Espacios Destinados a la Autogesti\u00f3n Ciudadana.<\/strong><\/a><\/p>\n<p><a href=\"http:\/\/www.cuartopoder.es\/invitados\/2016\/02\/01\/la-rec-presenta-un-marco-comun-para-la-cesion-de-espacios-publicos-a-iniciativas-ciudadanas\/6790\" target=\"_blank\"><strong>Patricia Horrillo nos lo cuenta aqu\u00ed <\/strong><\/a><\/p>\n<p><a href=\"http:\/\/www.4ojos.com\/blog\/imagenes\/actualidad\/eva-30-1-16-1.jpg\"><img loading=\"lazy\" class=\"alignnone\" src=\"http:\/\/www.4ojos.com\/blog\/imagenes\/actualidad\/eva-30-1-16-1.jpg\" alt=\"\" width=\"700\" height=\"365\" \/><\/a><\/p>\n<p><a href=\"http:\/\/www.4ojos.com\/blog\/imagenes\/actualidad\/eva-30-1-16-2.jpg\"><img loading=\"lazy\" class=\"alignnone\" src=\"http:\/\/www.4ojos.com\/blog\/imagenes\/actualidad\/eva-30-1-16-2.jpg\" alt=\"\" width=\"700\" height=\"365\" \/><\/a><\/p>\n<p><a href=\"http:\/\/www.4ojos.com\/blog\/imagenes\/actualidad\/eva-30-1-16-3.jpg\"><img loading=\"lazy\" class=\"alignnone\" src=\"http:\/\/www.4ojos.com\/blog\/imagenes\/actualidad\/eva-30-1-16-3.jpg\" alt=\"\" width=\"700\" height=\"365\" \/><\/a><\/p>\n<p><a href=\"http:\/\/www.4ojos.com\/blog\/imagenes\/actualidad\/eva-30-1-16-4.jpg\"><img loading=\"lazy\" class=\"alignnone\" src=\"http:\/\/www.4ojos.com\/blog\/imagenes\/actualidad\/eva-30-1-16-4.jpg\" alt=\"\" width=\"700\" height=\"365\" \/><\/a><\/p>\n<p><a href=\"http:\/\/www.4ojos.com\/blog\/imagenes\/actualidad\/eva-30-1-16-5.jpg\"><img loading=\"lazy\" class=\"alignnone\" src=\"http:\/\/www.4ojos.com\/blog\/imagenes\/actualidad\/eva-30-1-16-5.jpg\" alt=\"\" width=\"700\" height=\"365\" \/><\/a><\/p>\n<p><a href=\"http:\/\/www.4ojos.com\/blog\/imagenes\/actualidad\/eva-30-1-16-6.jpg\"><img loading=\"lazy\" class=\"alignnone\" src=\"http:\/\/www.4ojos.com\/blog\/imagenes\/actualidad\/eva-30-1-16-6.jpg\" alt=\"\" width=\"700\" height=\"365\" \/><\/a><\/p>\n<p>Las im\u00e1genes se amplian por si quer\u00e9is leerlas con m\u00e1s comodidad<\/p>\n<p>&#8212;&#8212;&#8212;&#8212;&#8212;&#8212;-<\/p>\n<p>Por si os interesa saber algo m\u00e1s de c\u00f3mo y por qu\u00e9 hago estos dibujos aqu\u00ed os dejo <a href=\"http:\/\/www.eldiario.es\/interferencias\/Enrique_Flores-dibujos-streaming_6_226487362.html\" target=\"_blank\"><strong>una entrevista que ha aparecido hace poco en eldiario.es<\/strong><\/a> que refleja una conversaci\u00f3n con Alvaro, de<a href=\"http:\/\/alfinaldelaasamblea.wordpress.com\/\" target=\"_blank\"><strong> Al final de la asamblea,<\/strong><\/a> transcrita por Amador Fdez. Savater.<\/p>\n<p>&#8212;&#8212;&#8212;&#8212;&#8212;&#8212;-<\/p>\n<p><strong>El libro de mis dibujos de la Acampada de Sol<\/strong><strong> p<a href=\"http:\/\/librosdeblur.blogspot.com\/2011\/07\/cuaderno-de-sol_12.html\" target=\"_blank\">uede verse \u00edntegro aqu\u00ed<\/a><a href=\"http:\/\/librosdeblur.blogspot.com\/2011\/07\/cuaderno-de-sol_12.html\" target=\"_blank\"> <\/a>.<\/strong><\/p>\n<p>&#8212;&#8212;&#8212;&#8212;&#8212;&#8212;-<\/p>\n<p>Aqu\u00ed <a href=\"http:\/\/www.4ojos.com\/blog\/?tag=15m\" target=\"_blank\"><strong>pod\u00e9is ver\/descargar el resto de mis dibujos sobre el 15M<\/strong><\/a><strong><a href=\"http:\/\/www.4ojos.com\/blog\/?tag=15m\" target=\"_blank\"><strong>.<\/strong><\/a><\/strong><\/p>\n<p><a href=\"http:\/\/www.4ojos.com\/blog\/?page_id=53\" target=\"_blank\"><strong>Algo de eco de esta serie de dibujos.<\/strong><\/a><\/p>\n<p>&#8212;&#8212;&#8212;&#8212;&#8212;&#8212;-<\/p>\n<p>Las entradas del blog con la etiqueta &#8220;15M&#8221; llevan siendo publicadas m\u00e1s de 4 a\u00f1os. Las suelo enviar a una lista de correos de gente que me los ha dado voluntariamente para estar al tanto de su publicaci\u00f3n. Si recibes el correo y no quieres seguir haci\u00e9ndolo, cont\u00e9stame pidiendo que elimine tu mail y lo har\u00e9 inmediatamente. Por contra, si conoces a alguien que desee estar en esa lista m\u00e1ndame su correo y lo incluyo. S\u00f3lo enviar\u00e9 entradas del blog con la etiqueta &#8220;15M&#8221;<\/p>\n","protected":false},"excerpt":{"rendered":"<p>El pasado s\u00e1bado hubo una reuni\u00f3n bien interesante y concurrida en el Espacio Vecinal de Arganzuela. M\u00e1s de 150 personas se reunieron en el primer encuentro de iniciativas ciudadanas para hablar de estrategias comunes a la hora de negociar con la administraci\u00f3n la cesi\u00f3n de espacios para los vecinos y el grado de autonom\u00eda de [&hellip;]<\/p>\n","protected":false},"author":1,"featured_media":0,"comment_status":"closed","ping_status":"closed","sticky":false,"template":"","format":"standard","meta":{"ngg_post_thumbnail":0},"categories":[13],"tags":[208,78],"_links":{"self":[{"href":"https:\/\/www.4ojos.com\/blog\/index.php?rest_route=\/wp\/v2\/posts\/13152"}],"collection":[{"href":"https:\/\/www.4ojos.com\/blog\/index.php?rest_route=\/wp\/v2\/posts"}],"about":[{"href":"https:\/\/www.4ojos.com\/blog\/index.php?rest_route=\/wp\/v2\/types\/post"}],"author":[{"embeddable":true,"href":"https:\/\/www.4ojos.com\/blog\/index.php?rest_route=\/wp\/v2\/users\/1"}],"replies":[{"embeddable":true,"href":"https:\/\/www.4ojos.com\/blog\/index.php?rest_route=%2Fwp%2Fv2%2Fcomments&post=13152"}],"version-history":[{"count":6,"href":"https:\/\/www.4ojos.com\/blog\/index.php?rest_route=\/wp\/v2\/posts\/13152\/revisions"}],"predecessor-version":[{"id":13160,"href":"https:\/\/www.4ojos.com\/blog\/index.php?rest_route=\/wp\/v2\/posts\/13152\/revisions\/13160"}],"wp:attachment":[{"href":"https:\/\/www.4ojos.com\/blog\/index.php?rest_route=%2Fwp%2Fv2%2Fmedia&parent=13152"}],"wp:term":[{"taxonomy":"category","embeddable":true,"href":"https:\/\/www.4ojos.com\/blog\/index.php?rest_route=%2Fwp%2Fv2%2Fcategories&post=13152"},{"taxonomy":"post_tag","embeddable":true,"href":"https:\/\/www.4ojos.com\/blog\/index.php?rest_route=%2Fwp%2Fv2%2Ftags&post=13152"}],"curies":[{"name":"wp","href":"https:\/\/api.w.org\/{rel}","templated":true}]}}