{"id":13147,"date":"2016-01-27T13:53:42","date_gmt":"2016-01-27T11:53:42","guid":{"rendered":"http:\/\/www.4ojos.com\/blog\/?p=13147"},"modified":"2016-02-24T03:32:31","modified_gmt":"2016-02-24T01:32:31","slug":"verne","status":"publish","type":"post","link":"https:\/\/www.4ojos.com\/blog\/?p=13147","title":{"rendered":"vida en martes\/verne"},"content":{"rendered":"<p><a href=\"http:\/\/www.4ojos.com\/blog\/imagenes\/varios\/telefonica-verne-1.jpg\"><img loading=\"lazy\" class=\"alignnone\" src=\"http:\/\/www.4ojos.com\/blog\/imagenes\/varios\/telefonica-verne-1.jpg\" alt=\"\" width=\"700\" height=\"525\" \/><\/a><\/p>\n<p>Ayer estuve en uno de los &#8220;Vida en martes&#8221; que organiza la\u00a0<a href=\"http:\/\/www.fundaciontelefonica.com\/exposiciones\/julio-verne-los-limites-de-la-imaginacion\/\" target=\"_blank\"> <strong>Fundaci\u00f3n Telef\u00f3nica<\/strong><\/a> contando con dibujos un coloquio sobre si Julio verne era o no mis\u00f3gino. Ilustraron sobre el tema <strong>Ana Claver<\/strong> <strong>, Natalia Carrero<\/strong>, <strong>Almudena Grandes, <strong>Marta Fern\u00e1ndez<\/strong><\/strong> y la comisaria de la exposici\u00f3n <strong><a href=\"https:\/\/espacio.fundaciontelefonica.com\/evento\/julio-verne-los-limites-de-la-imaginacion\/\">Julio Verne: los l\u00edmites de la imaginaci\u00f3n<\/a><\/strong>, <strong>Mar\u00eda Santoyo<\/strong> . Aprender dibujando.<\/p>\n<p>M\u00e1s info sobre el evento, <a href=\"https:\/\/espacio.fundaciontelefonica.com\/evento\/ajuste-de-cuentas-las-mujeres-en-la-obra-de-verne\/\"><strong>aqu\u00ed<\/strong><\/a><\/p>\n<p>Mis ilustraciones para Verne, publicadas por Anaya en su colecci\u00f3n &#8220;Tus libros selecci\u00f3n&#8221;<strong>, <a href=\"http:\/\/www.4ojos.com\/enrique\/books\/verne.html\" target=\"_blank\">aqu\u00ed<\/a><br \/>\n<\/strong><\/p>\n<p><a href=\"http:\/\/www.4ojos.com\/blog\/imagenes\/varios\/telefonica-verne-2.jpg\"><img loading=\"lazy\" class=\"alignnone\" src=\"http:\/\/www.4ojos.com\/blog\/imagenes\/varios\/telefonica-verne-2.jpg\" alt=\"\" width=\"700\" height=\"525\" \/><\/a><br \/>\n<a href=\"http:\/\/www.4ojos.com\/blog\/imagenes\/varios\/telefonica-verne-3.jpg\"><img loading=\"lazy\" class=\"alignnone\" src=\"http:\/\/www.4ojos.com\/blog\/imagenes\/varios\/telefonica-verne-3.jpg\" alt=\"\" width=\"700\" height=\"525\" \/><\/a><br \/>\n<a href=\"http:\/\/www.4ojos.com\/blog\/imagenes\/varios\/telefonica-verne-4.jpg\"><img loading=\"lazy\" class=\"alignnone\" src=\"http:\/\/www.4ojos.com\/blog\/imagenes\/varios\/telefonica-verne-4.jpg\" alt=\"\" width=\"700\" height=\"525\" \/><\/a><br \/>\n<a href=\"http:\/\/www.4ojos.com\/blog\/imagenes\/varios\/telefonica-verne-5.jpg\"><img loading=\"lazy\" class=\"alignnone\" src=\"http:\/\/www.4ojos.com\/blog\/imagenes\/varios\/telefonica-verne-5.jpg\" alt=\"\" width=\"700\" height=\"525\" \/><\/a><br \/>\n<a href=\"http:\/\/www.4ojos.com\/blog\/imagenes\/varios\/telefonica-verne-6.jpg\"><img loading=\"lazy\" class=\"alignnone\" src=\"http:\/\/www.4ojos.com\/blog\/imagenes\/varios\/telefonica-verne-6.jpg\" alt=\"\" width=\"700\" height=\"525\" \/><\/a><br \/>\n<a href=\"http:\/\/www.4ojos.com\/blog\/imagenes\/varios\/telefonica-verne-7.jpg\"><img loading=\"lazy\" class=\"alignnone\" src=\"http:\/\/www.4ojos.com\/blog\/imagenes\/varios\/telefonica-verne-7.jpg\" alt=\"\" width=\"700\" height=\"525\" \/><\/a><br \/>\n<a href=\"http:\/\/www.4ojos.com\/blog\/imagenes\/varios\/telefonica-verne-8.jpg\"><img loading=\"lazy\" class=\"alignnone\" src=\"http:\/\/www.4ojos.com\/blog\/imagenes\/varios\/telefonica-verne-8.jpg\" alt=\"\" width=\"700\" height=\"525\" \/><\/a><\/p>\n","protected":false},"excerpt":{"rendered":"<p>Ayer estuve en uno de los &#8220;Vida en martes&#8221; que organiza la\u00a0 Fundaci\u00f3n Telef\u00f3nica contando con dibujos un coloquio sobre si Julio verne era o no mis\u00f3gino. Ilustraron sobre el tema Ana Claver , Natalia Carrero, Almudena Grandes, Marta Fern\u00e1ndez y la comisaria de la exposici\u00f3n Julio Verne: los l\u00edmites de la imaginaci\u00f3n, Mar\u00eda Santoyo [&hellip;]<\/p>\n","protected":false},"author":1,"featured_media":0,"comment_status":"open","ping_status":"open","sticky":false,"template":"","format":"standard","meta":{"ngg_post_thumbnail":0},"categories":[13],"tags":[197],"_links":{"self":[{"href":"https:\/\/www.4ojos.com\/blog\/index.php?rest_route=\/wp\/v2\/posts\/13147"}],"collection":[{"href":"https:\/\/www.4ojos.com\/blog\/index.php?rest_route=\/wp\/v2\/posts"}],"about":[{"href":"https:\/\/www.4ojos.com\/blog\/index.php?rest_route=\/wp\/v2\/types\/post"}],"author":[{"embeddable":true,"href":"https:\/\/www.4ojos.com\/blog\/index.php?rest_route=\/wp\/v2\/users\/1"}],"replies":[{"embeddable":true,"href":"https:\/\/www.4ojos.com\/blog\/index.php?rest_route=%2Fwp%2Fv2%2Fcomments&post=13147"}],"version-history":[{"count":4,"href":"https:\/\/www.4ojos.com\/blog\/index.php?rest_route=\/wp\/v2\/posts\/13147\/revisions"}],"predecessor-version":[{"id":13208,"href":"https:\/\/www.4ojos.com\/blog\/index.php?rest_route=\/wp\/v2\/posts\/13147\/revisions\/13208"}],"wp:attachment":[{"href":"https:\/\/www.4ojos.com\/blog\/index.php?rest_route=%2Fwp%2Fv2%2Fmedia&parent=13147"}],"wp:term":[{"taxonomy":"category","embeddable":true,"href":"https:\/\/www.4ojos.com\/blog\/index.php?rest_route=%2Fwp%2Fv2%2Fcategories&post=13147"},{"taxonomy":"post_tag","embeddable":true,"href":"https:\/\/www.4ojos.com\/blog\/index.php?rest_route=%2Fwp%2Fv2%2Ftags&post=13147"}],"curies":[{"name":"wp","href":"https:\/\/api.w.org\/{rel}","templated":true}]}}