{"id":12878,"date":"2015-08-12T10:38:28","date_gmt":"2015-08-12T08:38:28","guid":{"rendered":"http:\/\/www.4ojos.com\/blog\/?p=12878"},"modified":"2015-08-12T10:38:28","modified_gmt":"2015-08-12T08:38:28","slug":"cesc-en-la-costa-brava2","status":"publish","type":"post","link":"https:\/\/www.4ojos.com\/blog\/?p=12878","title":{"rendered":"cesc en la costa brava\/2"},"content":{"rendered":"<p><a href=\"http:\/\/www.4ojos.com\/blog\/imagenes\/varios\/cesc-costa-brava-09.jpg\"><img loading=\"lazy\" class=\"alignnone\" src=\"http:\/\/www.4ojos.com\/blog\/imagenes\/varios\/cesc-costa-brava-09.jpg\" alt=\"\" width=\"700\" height=\"933\" \/><\/a><\/p>\n<p>El genial Cesc escribi\u00f3 y dibuj\u00f3 este libro sobre la Costa Brava en los a\u00f1os 60. Me lo descubri\u00f3 mi amigo Lluisot. Dedicado a todos los que est\u00e1is de vacaciones en el mar.<br \/>\nLos dibujos originales pueden verse aqu\u00ed http:\/\/mdc.cbuc.cat\/cdm\/ref\/collection\/dibucesc\/id\/182<\/p>\n<p><a href=\"http:\/\/www.4ojos.com\/blog\/imagenes\/varios\/cesc-costa-brava-10.jpg\"><img loading=\"lazy\" class=\"alignnone\" src=\"http:\/\/www.4ojos.com\/blog\/imagenes\/varios\/cesc-costa-brava-10.jpg\" alt=\"\" width=\"700\" height=\"933\" \/><\/a><br \/>\n<a href=\"http:\/\/www.4ojos.com\/blog\/imagenes\/varios\/cesc-costa-brava-11.jpg\"><img loading=\"lazy\" class=\"alignnone\" src=\"http:\/\/www.4ojos.com\/blog\/imagenes\/varios\/cesc-costa-brava-11.jpg\" alt=\"\" width=\"700\" height=\"933\" \/><\/a><br \/>\n<a href=\"http:\/\/www.4ojos.com\/blog\/imagenes\/varios\/cesc-costa-brava-12.jpg\"><img loading=\"lazy\" class=\"alignnone\" src=\"http:\/\/www.4ojos.com\/blog\/imagenes\/varios\/cesc-costa-brava-12.jpg\" alt=\"\" width=\"700\" height=\"933\" \/><\/a><br \/>\n<a href=\"http:\/\/www.4ojos.com\/blog\/imagenes\/varios\/cesc-costa-brava-13.jpg\"><img loading=\"lazy\" class=\"alignnone\" src=\"http:\/\/www.4ojos.com\/blog\/imagenes\/varios\/cesc-costa-brava-13.jpg\" alt=\"\" width=\"700\" height=\"933\" \/><\/a><br \/>\n<a href=\"http:\/\/www.4ojos.com\/blog\/imagenes\/varios\/cesc-costa-brava-14.jpg\"><img loading=\"lazy\" class=\"alignnone\" src=\"http:\/\/www.4ojos.com\/blog\/imagenes\/varios\/cesc-costa-brava-14.jpg\" alt=\"\" width=\"700\" height=\"933\" \/><\/a><br \/>\n<a href=\"http:\/\/www.4ojos.com\/blog\/imagenes\/varios\/cesc-costa-brava-15.jpg\"><img loading=\"lazy\" class=\"alignnone\" src=\"http:\/\/www.4ojos.com\/blog\/imagenes\/varios\/cesc-costa-brava-15.jpg\" alt=\"\" width=\"700\" height=\"933\" \/><\/a><\/p>\n","protected":false},"excerpt":{"rendered":"<p>El genial Cesc escribi\u00f3 y dibuj\u00f3 este libro sobre la Costa Brava en los a\u00f1os 60. Me lo descubri\u00f3 mi amigo Lluisot. Dedicado a todos los que est\u00e1is de vacaciones en el mar. Los dibujos originales pueden verse aqu\u00ed http:\/\/mdc.cbuc.cat\/cdm\/ref\/collection\/dibucesc\/id\/182<\/p>\n","protected":false},"author":1,"featured_media":0,"comment_status":"open","ping_status":"open","sticky":false,"template":"","format":"standard","meta":{"ngg_post_thumbnail":0},"categories":[13],"tags":[60],"_links":{"self":[{"href":"https:\/\/www.4ojos.com\/blog\/index.php?rest_route=\/wp\/v2\/posts\/12878"}],"collection":[{"href":"https:\/\/www.4ojos.com\/blog\/index.php?rest_route=\/wp\/v2\/posts"}],"about":[{"href":"https:\/\/www.4ojos.com\/blog\/index.php?rest_route=\/wp\/v2\/types\/post"}],"author":[{"embeddable":true,"href":"https:\/\/www.4ojos.com\/blog\/index.php?rest_route=\/wp\/v2\/users\/1"}],"replies":[{"embeddable":true,"href":"https:\/\/www.4ojos.com\/blog\/index.php?rest_route=%2Fwp%2Fv2%2Fcomments&post=12878"}],"version-history":[{"count":1,"href":"https:\/\/www.4ojos.com\/blog\/index.php?rest_route=\/wp\/v2\/posts\/12878\/revisions"}],"predecessor-version":[{"id":12881,"href":"https:\/\/www.4ojos.com\/blog\/index.php?rest_route=\/wp\/v2\/posts\/12878\/revisions\/12881"}],"wp:attachment":[{"href":"https:\/\/www.4ojos.com\/blog\/index.php?rest_route=%2Fwp%2Fv2%2Fmedia&parent=12878"}],"wp:term":[{"taxonomy":"category","embeddable":true,"href":"https:\/\/www.4ojos.com\/blog\/index.php?rest_route=%2Fwp%2Fv2%2Fcategories&post=12878"},{"taxonomy":"post_tag","embeddable":true,"href":"https:\/\/www.4ojos.com\/blog\/index.php?rest_route=%2Fwp%2Fv2%2Ftags&post=12878"}],"curies":[{"name":"wp","href":"https:\/\/api.w.org\/{rel}","templated":true}]}}