{"id":12442,"date":"2015-04-08T00:47:05","date_gmt":"2015-04-07T22:47:05","guid":{"rendered":"http:\/\/www.4ojos.com\/blog\/?p=12442"},"modified":"2015-04-11T14:43:53","modified_gmt":"2015-04-11T12:43:53","slug":"primavera-ciudadana3","status":"publish","type":"post","link":"https:\/\/www.4ojos.com\/blog\/?p=12442","title":{"rendered":"primavera ciudadana\/3"},"content":{"rendered":"<p><a href=\"http:\/\/www.4ojos.com\/blog\/imagenes\/viajes\/portugal\/lisboa-marzo2015-23.jpg\"><img loading=\"lazy\" class=\"alignnone\" src=\"http:\/\/www.4ojos.com\/blog\/imagenes\/viajes\/portugal\/lisboa-marzo2015-23.jpg\" alt=\"\" width=\"700\" height=\"350\" \/><\/a><\/p>\n<p>He estado en Lisboa participando en la<a href=\"https:\/\/citiesintransition.eu\/fieldtrip\/metropolitan-field-trip-lisbon\" target=\"_blank\"><strong> Primavera Ciudadana<\/strong><\/a>, un evento organizado por  <a href=\"http:\/\/academiacidada.org\/\" target=\"_blank\"><strong>Academia Cidad\u00e3<\/strong><\/a> que forma parte del proyecto  <a href=\"https:\/\/www.facebook.com\/necitiesintransition\" target=\"_blank\"><strong>New Europe &#8211; Cities in Transition <\/strong><\/a>del que pod\u00e9is saber m\u00e1s <a href=\"http:\/\/blog.academiacidada.org\/primavera-cidada\/\" target=\"_blank\"><strong>aqu\u00ed <\/strong><\/a>y ver fotos<strong> <a href=\"https:\/\/www.facebook.com\/media\/set\/?set=a.773766416053027.1073741833.284234551672885&amp;type=3\" target=\"_blank\">aqu\u00ed.<\/a><\/strong><\/p>\n<p>Os dejo a continuaci\u00f3n mis dibujos y notas del tercer y cuarto d\u00eda en los que conocimos a<strong> <strong><em> <a title=\"Lisbon Sustainable Tourism\" href=\"http:\/\/academiacidada.us8.list-manage1.com\/track\/click?u=b2f42804d24f919f0d909a4f7&amp;id=95341539d9&amp;e=85f483ff35\" target=\"_blank\">Lisbon Sustainable Tourism<\/a><\/em> ,<\/strong><\/strong><strong> <\/strong> vimos el documental <a href=\"https:\/\/www.youtube.com\/watch?v=b9x9OQrsjoE\"><strong>Dreamocracy<\/strong><\/a> y estuvimos en la<strong><strong> <em><a title=\"Cozinha Popular da Mouraria\" href=\"http:\/\/academiacidada.us8.list-manage2.com\/track\/click?u=b2f42804d24f919f0d909a4f7&amp;id=24faf008d7&amp;e=85f483ff35\" target=\"_blank\">Cozinha Popular da Mouraria<\/a><\/em>.<\/strong><\/strong><\/p>\n<p>El reportaje completo en el blog de<a href=\"http:\/\/blog.academiacidada.org\/737\/\" target=\"_blank\"><strong> <strong>Academia Cidad\u00e3<\/strong><\/strong><\/a><\/p>\n<p>Reportaje sobre el viaje, en ingl\u00e9s, <a href=\"https:\/\/citiesintransition.eu\/cityreport\/report-metropolitan-field-trip-lisbon\" target=\"_blank\"><strong>aqu\u00ed.<\/strong><\/a><\/p>\n<p>BONUS TRACK<br \/>\nHe subido <a href=\"https:\/\/plus.google.com\/photos\/112403277743166987694\/albums\/5069967917122825521\" target=\"_blank\"><strong>aqu\u00ed <\/strong><\/a>algunas fotos de la gr\u00e1fica que he encontrado en las paredes de Lisboa y <a href=\"https:\/\/plus.google.com\/photos\/112403277743166987694\/albums\/5070142872615630353\" target=\"_blank\"><strong>aqu\u00ed <\/strong><\/a>algo de arquitectu<strong>r<\/strong>a de esta ciudad infinita.<\/p>\n<p><a href=\"http:\/\/www.4ojos.com\/blog\/imagenes\/viajes\/portugal\/lisboa-marzo2015-24.jpg\"><img loading=\"lazy\" class=\"alignnone\" src=\"http:\/\/www.4ojos.com\/blog\/imagenes\/viajes\/portugal\/lisboa-marzo2015-24.jpg\" alt=\"\" width=\"700\" height=\"350\" \/><\/a><br \/>\n<a href=\"http:\/\/www.4ojos.com\/blog\/imagenes\/viajes\/portugal\/lisboa-marzo2015-25.jpg\"><img loading=\"lazy\" class=\"alignnone\" src=\"http:\/\/www.4ojos.com\/blog\/imagenes\/viajes\/portugal\/lisboa-marzo2015-25.jpg\" alt=\"\" width=\"700\" height=\"350\" \/><\/a><br \/>\n<a href=\"http:\/\/www.4ojos.com\/blog\/imagenes\/viajes\/portugal\/lisboa-marzo2015-26.jpg\"><img loading=\"lazy\" class=\"alignnone\" src=\"http:\/\/www.4ojos.com\/blog\/imagenes\/viajes\/portugal\/lisboa-marzo2015-26.jpg\" alt=\"\" width=\"700\" height=\"350\" \/><\/a><br \/>\n<a href=\"http:\/\/www.4ojos.com\/blog\/imagenes\/viajes\/portugal\/lisboa-marzo2015-27.jpg\"><img loading=\"lazy\" class=\"alignnone\" src=\"http:\/\/www.4ojos.com\/blog\/imagenes\/viajes\/portugal\/lisboa-marzo2015-27.jpg\" alt=\"\" width=\"700\" height=\"350\" \/><\/a><br \/>\n<a href=\"http:\/\/www.4ojos.com\/blog\/imagenes\/viajes\/portugal\/lisboa-marzo2015-28.jpg\"><img loading=\"lazy\" class=\"alignnone\" src=\"http:\/\/www.4ojos.com\/blog\/imagenes\/viajes\/portugal\/lisboa-marzo2015-28.jpg\" alt=\"\" width=\"700\" height=\"350\" \/><\/a><br \/>\n<a href=\"http:\/\/www.4ojos.com\/blog\/imagenes\/viajes\/portugal\/lisboa-marzo2015-29.jpg\"><img loading=\"lazy\" class=\"alignnone\" src=\"http:\/\/www.4ojos.com\/blog\/imagenes\/viajes\/portugal\/lisboa-marzo2015-29.jpg\" alt=\"\" width=\"700\" height=\"350\" \/><\/a><br \/>\n<a href=\"http:\/\/www.4ojos.com\/blog\/imagenes\/viajes\/portugal\/lisboa-marzo2015-30.jpg\"><img loading=\"lazy\" class=\"alignnone\" src=\"http:\/\/www.4ojos.com\/blog\/imagenes\/viajes\/portugal\/lisboa-marzo2015-30.jpg\" alt=\"\" width=\"700\" height=\"350\" \/><\/a><br \/>\n<a href=\"http:\/\/www.4ojos.com\/blog\/imagenes\/viajes\/portugal\/lisboa-marzo2015-31.jpg\"><img loading=\"lazy\" class=\"alignnone\" src=\"http:\/\/www.4ojos.com\/blog\/imagenes\/viajes\/portugal\/lisboa-marzo2015-31.jpg\" alt=\"\" width=\"700\" height=\"350\" \/><\/a><br \/>\n<a href=\"http:\/\/www.4ojos.com\/blog\/imagenes\/viajes\/portugal\/lisboa-marzo2015-32.jpg\"><img loading=\"lazy\" class=\"alignnone\" src=\"http:\/\/www.4ojos.com\/blog\/imagenes\/viajes\/portugal\/lisboa-marzo2015-32.jpg\" alt=\"\" width=\"700\" height=\"350\" \/><\/a><br \/>\n<a href=\"http:\/\/www.4ojos.com\/blog\/imagenes\/viajes\/portugal\/lisboa-marzo2015-33.jpg\"><img loading=\"lazy\" class=\"alignnone\" src=\"http:\/\/www.4ojos.com\/blog\/imagenes\/viajes\/portugal\/lisboa-marzo2015-33.jpg\" alt=\"\" width=\"700\" height=\"350\" \/><\/a><br \/>\n<a href=\"http:\/\/www.4ojos.com\/blog\/imagenes\/viajes\/portugal\/lisboa-marzo2015-34.jpg\"><img loading=\"lazy\" class=\"alignnone\" src=\"http:\/\/www.4ojos.com\/blog\/imagenes\/viajes\/portugal\/lisboa-marzo2015-34.jpg\" alt=\"\" width=\"700\" height=\"350\" \/><\/a><\/p>\n","protected":false},"excerpt":{"rendered":"<p>He estado en Lisboa participando en la Primavera Ciudadana, un evento organizado por Academia Cidad\u00e3 que forma parte del proyecto New Europe &#8211; Cities in Transition del que pod\u00e9is saber m\u00e1s aqu\u00ed y ver fotos aqu\u00ed. Os dejo a continuaci\u00f3n mis dibujos y notas del tercer y cuarto d\u00eda en los que conocimos a Lisbon [&hellip;]<\/p>\n","protected":false},"author":1,"featured_media":0,"comment_status":"open","ping_status":"open","sticky":false,"template":"","format":"standard","meta":{"ngg_post_thumbnail":0},"categories":[13],"tags":[78,94],"_links":{"self":[{"href":"https:\/\/www.4ojos.com\/blog\/index.php?rest_route=\/wp\/v2\/posts\/12442"}],"collection":[{"href":"https:\/\/www.4ojos.com\/blog\/index.php?rest_route=\/wp\/v2\/posts"}],"about":[{"href":"https:\/\/www.4ojos.com\/blog\/index.php?rest_route=\/wp\/v2\/types\/post"}],"author":[{"embeddable":true,"href":"https:\/\/www.4ojos.com\/blog\/index.php?rest_route=\/wp\/v2\/users\/1"}],"replies":[{"embeddable":true,"href":"https:\/\/www.4ojos.com\/blog\/index.php?rest_route=%2Fwp%2Fv2%2Fcomments&post=12442"}],"version-history":[{"count":5,"href":"https:\/\/www.4ojos.com\/blog\/index.php?rest_route=\/wp\/v2\/posts\/12442\/revisions"}],"predecessor-version":[{"id":12496,"href":"https:\/\/www.4ojos.com\/blog\/index.php?rest_route=\/wp\/v2\/posts\/12442\/revisions\/12496"}],"wp:attachment":[{"href":"https:\/\/www.4ojos.com\/blog\/index.php?rest_route=%2Fwp%2Fv2%2Fmedia&parent=12442"}],"wp:term":[{"taxonomy":"category","embeddable":true,"href":"https:\/\/www.4ojos.com\/blog\/index.php?rest_route=%2Fwp%2Fv2%2Fcategories&post=12442"},{"taxonomy":"post_tag","embeddable":true,"href":"https:\/\/www.4ojos.com\/blog\/index.php?rest_route=%2Fwp%2Fv2%2Ftags&post=12442"}],"curies":[{"name":"wp","href":"https:\/\/api.w.org\/{rel}","templated":true}]}}