{"id":12430,"date":"2015-03-23T14:02:01","date_gmt":"2015-03-23T12:02:01","guid":{"rendered":"http:\/\/www.4ojos.com\/blog\/?p=12430"},"modified":"2015-03-23T14:06:18","modified_gmt":"2015-03-23T12:06:18","slug":"primavera-ciudadana-2","status":"publish","type":"post","link":"https:\/\/www.4ojos.com\/blog\/?p=12430","title":{"rendered":"primavera ciudadana"},"content":{"rendered":"<p><a href=\"http:\/\/www.4ojos.com\/blog\/imagenes\/viajes\/portugal\/lisboa-marzo2015-05.jpg\"><img loading=\"lazy\" class=\"alignnone\" src=\"http:\/\/www.4ojos.com\/blog\/imagenes\/viajes\/portugal\/lisboa-marzo2015-05.jpg\" alt=\"\" width=\"700\" height=\"350\" \/><\/a><\/p>\n<p>He estado en Lisboa participando en la<a href=\"https:\/\/citiesintransition.eu\/fieldtrip\/metropolitan-field-trip-lisbon\" target=\"_blank\"><strong> Primavera Ciudadana<\/strong><\/a>, un evento organizado por\u00a0 <a href=\"http:\/\/academiacidada.org\/\" target=\"_blank\"><strong>Academia Cidad\u00e3<\/strong><\/a> del que pod\u00e9is saber m\u00e1s <a href=\"http:\/\/blog.academiacidada.org\/primavera-cidada\/\" target=\"_blank\"><strong>aqu\u00ed <\/strong><\/a>y ver fotos<strong> <a href=\"https:\/\/www.facebook.com\/media\/set\/?set=a.773766416053027.1073741833.284234551672885&amp;type=3\" target=\"_blank\">aqu\u00ed<\/a><\/strong><\/p>\n<p>Durante cuatro d\u00edas visitamos\u00a0<strong> <a title=\"Pend\u00e3o em Movimento\" href=\"http:\/\/academiacidada.us8.list-manage.com\/track\/click?u=b2f42804d24f919f0d909a4f7&amp;id=2d075850f6&amp;e=85f483ff35\" target=\"_blank\"><em>Pend\u00e3o em Movimento<\/em><\/a> (Queluz), <a title=\"Moinho da Juventude\" href=\"http:\/\/academiacidada.us8.list-manage.com\/track\/click?u=b2f42804d24f919f0d909a4f7&amp;id=489ff14c22&amp;e=85f483ff35\" target=\"_blank\"><em>Moinho da Juventude<\/em><\/a> (Cova da Moura), <a title=\"Salamandra Dourada\" href=\"http:\/\/academiacidada.us8.list-manage.com\/track\/click?u=b2f42804d24f919f0d909a4f7&amp;id=568c9314bd&amp;e=85f483ff35\" target=\"_blank\"><em>Salamandra Dourada<\/em><\/a> (Ameixoeira), <a title=\"Renovar a Mouraria\" href=\"http:\/\/academiacidada.us8.list-manage1.com\/track\/click?u=b2f42804d24f919f0d909a4f7&amp;id=b1f9eb4fd5&amp;e=85f483ff35\" target=\"_blank\"><em>Renovar a Mouraria<\/em><\/a>, <em><a title=\"Chapit\u00f4\" href=\"http:\/\/academiacidada.us8.list-manage1.com\/track\/click?u=b2f42804d24f919f0d909a4f7&amp;id=b40e8cd739&amp;e=85f483ff35\" target=\"_blank\">Chapit\u00f4<\/a> <\/em>(Alfama), <a title=\"A m\u00fasica portuguesa a gostar dela pr\u00f3pria\" href=\"http:\/\/academiacidada.us8.list-manage2.com\/track\/click?u=b2f42804d24f919f0d909a4f7&amp;id=0820d07f51&amp;e=85f483ff35\" target=\"_blank\"><em>A M\u00fasica portuguesa a gostar dela pr\u00f3pria<\/em><\/a> (Alc\u00e2ntara), <a title=\"R\u00e9s do Ch\u00e3o\" href=\"http:\/\/academiacidada.us8.list-manage2.com\/track\/click?u=b2f42804d24f919f0d909a4f7&amp;id=95019a5d12&amp;e=85f483ff35\" target=\"_blank\"><em>R\u00e9s do Ch\u00e3o <\/em><\/a>(Santa Catarina),\u00a0<em> <a title=\"Lisbon Sustainable Tourism\" href=\"http:\/\/academiacidada.us8.list-manage1.com\/track\/click?u=b2f42804d24f919f0d909a4f7&amp;id=95341539d9&amp;e=85f483ff35\" target=\"_blank\">Lisbon Sustainable Tourism<\/a><\/em> y terminamos en la\u00a0 <em><a title=\"Cozinha Popular da Mouraria\" href=\"http:\/\/academiacidada.us8.list-manage2.com\/track\/click?u=b2f42804d24f919f0d909a4f7&amp;id=24faf008d7&amp;e=85f483ff35\" target=\"_blank\">Cozinha Popular da Mouraria<\/a><\/em>.<\/strong><\/p>\n<p>A continuaci\u00f3n ten\u00e9is mis dibujos y notas del primer d\u00eda en la sede de Academia Cidad\u00e3 y el realojo de Quinta do Cabrinha. En d\u00edas sucesivos ense\u00f1ar\u00e9 el resto de los muchos dibujos.<strong><br \/>\n<\/strong><\/p>\n<p>La Primavera Ciudadana forma parte del proyecto\u00a0 <a href=\"https:\/\/www.facebook.com\/necitiesintransition\" target=\"_blank\"><strong>New Europe &#8211; Cities in Transition <\/strong><\/a>.<\/p>\n<p><a href=\"http:\/\/www.4ojos.com\/blog\/imagenes\/viajes\/portugal\/lisboa-marzo2015-04.jpg\"><img loading=\"lazy\" class=\"alignnone\" src=\"http:\/\/www.4ojos.com\/blog\/imagenes\/viajes\/portugal\/lisboa-marzo2015-04.jpg\" alt=\"\" width=\"700\" height=\"350\" \/><\/a><br \/>\n<a href=\"http:\/\/www.4ojos.com\/blog\/imagenes\/viajes\/portugal\/lisboa-marzo2015-06.jpg\"><img loading=\"lazy\" class=\"alignnone\" src=\"http:\/\/www.4ojos.com\/blog\/imagenes\/viajes\/portugal\/lisboa-marzo2015-06.jpg\" alt=\"\" width=\"700\" height=\"350\" \/><\/a><br \/>\n<a href=\"http:\/\/www.4ojos.com\/blog\/imagenes\/viajes\/portugal\/lisboa-marzo2015-07.jpg\"><img loading=\"lazy\" class=\"alignnone\" src=\"http:\/\/www.4ojos.com\/blog\/imagenes\/viajes\/portugal\/lisboa-marzo2015-07.jpg\" alt=\"\" width=\"700\" height=\"350\" \/><\/a><br \/>\n<a href=\"http:\/\/www.4ojos.com\/blog\/imagenes\/viajes\/portugal\/lisboa-marzo2015-08.jpg\"><img loading=\"lazy\" class=\"alignnone\" src=\"http:\/\/www.4ojos.com\/blog\/imagenes\/viajes\/portugal\/lisboa-marzo2015-08.jpg\" alt=\"\" width=\"700\" height=\"350\" \/><\/a><br \/>\n<a href=\"http:\/\/www.4ojos.com\/blog\/imagenes\/viajes\/portugal\/lisboa-marzo2015-09.jpg\"><img loading=\"lazy\" class=\"alignnone\" src=\"http:\/\/www.4ojos.com\/blog\/imagenes\/viajes\/portugal\/lisboa-marzo2015-09.jpg\" alt=\"\" width=\"700\" height=\"350\" \/><\/a><br \/>\n<a href=\"http:\/\/www.4ojos.com\/blog\/imagenes\/viajes\/portugal\/lisboa-marzo2015-10.jpg\"><img loading=\"lazy\" class=\"alignnone\" src=\"http:\/\/www.4ojos.com\/blog\/imagenes\/viajes\/portugal\/lisboa-marzo2015-10.jpg\" alt=\"\" width=\"700\" height=\"350\" \/><\/a><\/p>\n<p>BONUS TRACK<br \/>\nHe subido <a href=\"https:\/\/plus.google.com\/photos\/112403277743166987694\/albums\/5069967917122825521\" target=\"_blank\"><strong>aqu\u00ed <\/strong><\/a>algunas de las cosas que he encontrado en las paredes de Lisboa y <a href=\"https:\/\/plus.google.com\/photos\/112403277743166987694\/albums\/5070142872615630353\" target=\"_blank\"><strong>aqu\u00ed <\/strong><\/a>algo de arquitectu<strong>r<\/strong>a de esta bonita ciudad.<\/p>\n","protected":false},"excerpt":{"rendered":"<p>He estado en Lisboa participando en la Primavera Ciudadana, un evento organizado por\u00a0 Academia Cidad\u00e3 del que pod\u00e9is saber m\u00e1s aqu\u00ed y ver fotos aqu\u00ed Durante cuatro d\u00edas visitamos\u00a0 Pend\u00e3o em Movimento (Queluz), Moinho da Juventude (Cova da Moura), Salamandra Dourada (Ameixoeira), Renovar a Mouraria, Chapit\u00f4 (Alfama), A M\u00fasica portuguesa a gostar dela pr\u00f3pria (Alc\u00e2ntara), [&hellip;]<\/p>\n","protected":false},"author":1,"featured_media":0,"comment_status":"open","ping_status":"open","sticky":false,"template":"","format":"standard","meta":{"ngg_post_thumbnail":0},"categories":[13],"tags":[78],"_links":{"self":[{"href":"https:\/\/www.4ojos.com\/blog\/index.php?rest_route=\/wp\/v2\/posts\/12430"}],"collection":[{"href":"https:\/\/www.4ojos.com\/blog\/index.php?rest_route=\/wp\/v2\/posts"}],"about":[{"href":"https:\/\/www.4ojos.com\/blog\/index.php?rest_route=\/wp\/v2\/types\/post"}],"author":[{"embeddable":true,"href":"https:\/\/www.4ojos.com\/blog\/index.php?rest_route=\/wp\/v2\/users\/1"}],"replies":[{"embeddable":true,"href":"https:\/\/www.4ojos.com\/blog\/index.php?rest_route=%2Fwp%2Fv2%2Fcomments&post=12430"}],"version-history":[{"count":3,"href":"https:\/\/www.4ojos.com\/blog\/index.php?rest_route=\/wp\/v2\/posts\/12430\/revisions"}],"predecessor-version":[{"id":12432,"href":"https:\/\/www.4ojos.com\/blog\/index.php?rest_route=\/wp\/v2\/posts\/12430\/revisions\/12432"}],"wp:attachment":[{"href":"https:\/\/www.4ojos.com\/blog\/index.php?rest_route=%2Fwp%2Fv2%2Fmedia&parent=12430"}],"wp:term":[{"taxonomy":"category","embeddable":true,"href":"https:\/\/www.4ojos.com\/blog\/index.php?rest_route=%2Fwp%2Fv2%2Fcategories&post=12430"},{"taxonomy":"post_tag","embeddable":true,"href":"https:\/\/www.4ojos.com\/blog\/index.php?rest_route=%2Fwp%2Fv2%2Ftags&post=12430"}],"curies":[{"name":"wp","href":"https:\/\/api.w.org\/{rel}","templated":true}]}}