{"id":12283,"date":"2015-01-15T23:10:42","date_gmt":"2015-01-15T21:10:42","guid":{"rendered":"http:\/\/www.4ojos.com\/blog\/?p=12283"},"modified":"2015-01-15T23:11:35","modified_gmt":"2015-01-15T21:11:35","slug":"cooperativistas-estafados","status":"publish","type":"post","link":"https:\/\/www.4ojos.com\/blog\/?p=12283","title":{"rendered":"cooperativistas estafados"},"content":{"rendered":"<p><a href=\"http:\/\/www.4ojos.com\/blog\/imagenes\/actualidad\/15M-cooperativistas-sudeste-15-1-15-001.jpg\"><img loading=\"lazy\" class=\"alignnone\" src=\"http:\/\/www.4ojos.com\/blog\/imagenes\/actualidad\/15M-cooperativistas-sudeste-15-1-15-001.jpg\" alt=\"\" width=\"700\" height=\"350\" \/><\/a><\/p>\n<p>Esta tarde me han contado una pel\u00edcula de terror:  un erial de 25 millones de metros cuadrados que iba a alojar a m\u00e1s de 500.000 personas. Cooperativas estafadas con 15000 afectados. Mafiosos. Administraci\u00f3n c\u00f3mplice. A\u00f1os de acampadas, de manifestaciones, de escraches. La justicia ha dado la raz\u00f3n, quince a\u00f1os despu\u00e9s, a quienes siguieron la lucha hasta el final. El mensaje el claro: si se puede.<\/p>\n<p><a href=\"http:\/\/www.4ojos.com\/blog\/imagenes\/actualidad\/15M-cooperativistas-sudeste-15-1-15-002.jpg\"><img loading=\"lazy\" class=\"alignnone\" src=\"http:\/\/www.4ojos.com\/blog\/imagenes\/actualidad\/15M-cooperativistas-sudeste-15-1-15-002.jpg\" alt=\"\" width=\"700\" height=\"350\" \/><\/a><\/p>\n<p>Las im\u00e1genes se amplian por si quer\u00e9is leerlas con m\u00e1s comodidad<\/p>\n<p>\u2014\u2014\u2014\u2014\u2014\u2014\u2014\u2014\u2014\u2014\u2013<br \/>\nPor si os interesa saber algo m\u00e1s de c\u00f3mo y por qu\u00e9 hago estos dibujos aqu\u00ed os dejo <a href=\"http:\/\/www.eldiario.es\/interferencias\/Enrique_Flores-dibujos-streaming_6_226487362.html\" target=\"_blank\"><strong>una entrevista que ha aparecido hace poco en eldiario.es<\/strong><\/a> que refleja una conversaci\u00f3n con Alvaro, de<a href=\"http:\/\/alfinaldelaasamblea.wordpress.com\/\" target=\"_blank\"><strong> Al final de la asamblea,<\/strong><\/a> transcrita por Amador Fdez. Savater.<\/p>\n<p>\u2014\u2014\u2014\u2014\u2014\u2014\u2014\u2014\u2014\u2014\u2013<\/p>\n<p><strong>El libro de mis dibujos de la Acampada de Sol<\/strong><strong> p<a href=\"http:\/\/librosdeblur.blogspot.com\/2011\/07\/cuaderno-de-sol_12.html\" target=\"_blank\">uede verse \u00edntegro aqu\u00ed<\/a><a href=\"http:\/\/librosdeblur.blogspot.com\/2011\/07\/cuaderno-de-sol_12.html\" target=\"_blank\"> <\/a>.<\/strong><br \/>\nAqu\u00ed <a href=\"http:\/\/www.4ojos.com\/blog\/?tag=15m\" target=\"_blank\"><strong>pod\u00e9is ver\/descargar el resto de mis dibujos sobre el 15M<\/strong><\/a><strong><a href=\"http:\/\/www.4ojos.com\/blog\/?tag=15m\" target=\"_blank\"><strong>.<\/strong><\/a><\/strong><br \/>\n<a href=\"http:\/\/www.4ojos.com\/blog\/?page_id=53\" target=\"_blank\"><strong>Algo de eco de esta serie de dibujos.<\/strong><\/a><\/p>\n","protected":false},"excerpt":{"rendered":"<p>Esta tarde me han contado una pel\u00edcula de terror: un erial de 25 millones de metros cuadrados que iba a alojar a m\u00e1s de 500.000 personas. Cooperativas estafadas con 15000 afectados. Mafiosos. Administraci\u00f3n c\u00f3mplice. A\u00f1os de acampadas, de manifestaciones, de escraches. La justicia ha dado la raz\u00f3n, quince a\u00f1os despu\u00e9s, a quienes siguieron la lucha [&hellip;]<\/p>\n","protected":false},"author":1,"featured_media":0,"comment_status":"open","ping_status":"open","sticky":false,"template":"","format":"standard","meta":{"ngg_post_thumbnail":0},"categories":[13],"tags":[208,78],"_links":{"self":[{"href":"https:\/\/www.4ojos.com\/blog\/index.php?rest_route=\/wp\/v2\/posts\/12283"}],"collection":[{"href":"https:\/\/www.4ojos.com\/blog\/index.php?rest_route=\/wp\/v2\/posts"}],"about":[{"href":"https:\/\/www.4ojos.com\/blog\/index.php?rest_route=\/wp\/v2\/types\/post"}],"author":[{"embeddable":true,"href":"https:\/\/www.4ojos.com\/blog\/index.php?rest_route=\/wp\/v2\/users\/1"}],"replies":[{"embeddable":true,"href":"https:\/\/www.4ojos.com\/blog\/index.php?rest_route=%2Fwp%2Fv2%2Fcomments&post=12283"}],"version-history":[{"count":2,"href":"https:\/\/www.4ojos.com\/blog\/index.php?rest_route=\/wp\/v2\/posts\/12283\/revisions"}],"predecessor-version":[{"id":12285,"href":"https:\/\/www.4ojos.com\/blog\/index.php?rest_route=\/wp\/v2\/posts\/12283\/revisions\/12285"}],"wp:attachment":[{"href":"https:\/\/www.4ojos.com\/blog\/index.php?rest_route=%2Fwp%2Fv2%2Fmedia&parent=12283"}],"wp:term":[{"taxonomy":"category","embeddable":true,"href":"https:\/\/www.4ojos.com\/blog\/index.php?rest_route=%2Fwp%2Fv2%2Fcategories&post=12283"},{"taxonomy":"post_tag","embeddable":true,"href":"https:\/\/www.4ojos.com\/blog\/index.php?rest_route=%2Fwp%2Fv2%2Ftags&post=12283"}],"curies":[{"name":"wp","href":"https:\/\/api.w.org\/{rel}","templated":true}]}}