{"id":12232,"date":"2014-12-23T00:38:20","date_gmt":"2014-12-22T22:38:20","guid":{"rendered":"http:\/\/www.4ojos.com\/blog\/?p=12232"},"modified":"2014-12-23T00:38:20","modified_gmt":"2014-12-22T22:38:20","slug":"pah-madrid-centro","status":"publish","type":"post","link":"https:\/\/www.4ojos.com\/blog\/?p=12232","title":{"rendered":"PAH madrid centro"},"content":{"rendered":"<p><a href=\"http:\/\/www.4ojos.com\/blog\/imagenes\/actualidad\/15M-pah-centro-22-12-14-001.jpg\"><img loading=\"lazy\" class=\"alignnone\" src=\"http:\/\/www.4ojos.com\/blog\/imagenes\/actualidad\/15M-pah-centro-22-12-14-001.jpg\" alt=\"\" width=\"700\" height=\"350\" \/><\/a><\/p>\n<p>Hoy se ha presentado en El <a href=\"http:\/\/patiomaravillas.net\/\" target=\"_blank\"><strong>Patio Maravillas <\/strong><\/a>el grupo Centro de Madrid de la Plataforma de Afectados por las Hipotecas. Al terminar la charla sobre quienes son y qu\u00e9 hacen se ha proyectado el documental\u00a0 \u201c<a href=\"https:\/\/www.youtube.com\/watch?v=3x3gIEi0nFc\" target=\"_blank\"><strong>S\u00ed se puede. Siete d\u00edas en PAH Barcelona\u201d<\/strong><\/a>, una de esas visiones obligatorias para saber qu\u00e9 nos ha llevado hasta donde estamos.<\/p>\n<p>Cr\u00f3nica y fotos de DisoPress <a href=\"http:\/\/disopress.com\/gallery.php?mode=gallery&amp;id=MjQwMTEzMWU2ZjI5Nzc%3D&amp;page=1\" target=\"_blank\"><strong>aqu\u00ed<\/strong><\/a><\/p>\n<p><a href=\"http:\/\/www.4ojos.com\/blog\/imagenes\/actualidad\/15M-pah-centro-22-12-14-002.jpg\"><img loading=\"lazy\" class=\"alignnone\" src=\"http:\/\/www.4ojos.com\/blog\/imagenes\/actualidad\/15M-pah-centro-22-12-14-002.jpg\" alt=\"\" width=\"700\" height=\"350\" \/><\/a><br \/>\n<a href=\"http:\/\/www.4ojos.com\/blog\/imagenes\/actualidad\/15M-pah-centro-22-12-14-003.jpg\"><img loading=\"lazy\" class=\"alignnone\" src=\"http:\/\/www.4ojos.com\/blog\/imagenes\/actualidad\/15M-pah-centro-22-12-14-003.jpg\" alt=\"\" width=\"700\" height=\"350\" \/><\/a><\/p>\n<p>Las im\u00e1genes se amplian por si quer\u00e9is leerlas con m\u00e1s comodidad<\/p>\n<p>\u2014\u2014\u2014\u2014\u2014\u2014\u2014\u2014\u2014\u2014\u2013<br \/>\nPor si os interesa saber algo m\u00e1s de c\u00f3mo y por qu\u00e9 hago estos dibujos aqu\u00ed os dejo <a href=\"http:\/\/www.eldiario.es\/interferencias\/Enrique_Flores-dibujos-streaming_6_226487362.html\" target=\"_blank\"><strong>una entrevista que ha aparecido hace poco en eldiario.es<\/strong><\/a> que refleja una conversaci\u00f3n con Alvaro, de<a href=\"http:\/\/alfinaldelaasamblea.wordpress.com\/\" target=\"_blank\"><strong> Al final de la asamblea,<\/strong><\/a> transcrita por Amador Fdez. Savater.<\/p>\n<p>\u2014\u2014\u2014\u2014\u2014\u2014\u2014\u2014\u2014\u2014\u2013<\/p>\n<p><strong>El libro de mis dibujos de la Acampada de Sol<\/strong><strong> p<a href=\"http:\/\/librosdeblur.blogspot.com\/2011\/07\/cuaderno-de-sol_12.html\" target=\"_blank\">uede verse \u00edntegro aqu\u00ed<\/a><a href=\"http:\/\/librosdeblur.blogspot.com\/2011\/07\/cuaderno-de-sol_12.html\" target=\"_blank\"> <\/a>.<\/strong><br \/>\nAqu\u00ed <a href=\"http:\/\/www.4ojos.com\/blog\/?tag=15m\" target=\"_blank\"><strong>pod\u00e9is ver\/descargar el resto de mis dibujos sobre el 15M<\/strong><\/a><strong><a href=\"http:\/\/www.4ojos.com\/blog\/?tag=15m\" target=\"_blank\"><strong>.<\/strong><\/a><\/strong><br \/>\n<a href=\"http:\/\/www.4ojos.com\/blog\/?page_id=53\" target=\"_blank\"><strong>Algo de eco de esta serie de dibujos.<\/strong><\/a><\/p>\n","protected":false},"excerpt":{"rendered":"<p>Hoy se ha presentado en El Patio Maravillas el grupo Centro de Madrid de la Plataforma de Afectados por las Hipotecas. Al terminar la charla sobre quienes son y qu\u00e9 hacen se ha proyectado el documental\u00a0 \u201cS\u00ed se puede. Siete d\u00edas en PAH Barcelona\u201d, una de esas visiones obligatorias para saber qu\u00e9 nos ha llevado [&hellip;]<\/p>\n","protected":false},"author":1,"featured_media":0,"comment_status":"open","ping_status":"open","sticky":false,"template":"","format":"standard","meta":{"ngg_post_thumbnail":0},"categories":[13],"tags":[208,78],"_links":{"self":[{"href":"https:\/\/www.4ojos.com\/blog\/index.php?rest_route=\/wp\/v2\/posts\/12232"}],"collection":[{"href":"https:\/\/www.4ojos.com\/blog\/index.php?rest_route=\/wp\/v2\/posts"}],"about":[{"href":"https:\/\/www.4ojos.com\/blog\/index.php?rest_route=\/wp\/v2\/types\/post"}],"author":[{"embeddable":true,"href":"https:\/\/www.4ojos.com\/blog\/index.php?rest_route=\/wp\/v2\/users\/1"}],"replies":[{"embeddable":true,"href":"https:\/\/www.4ojos.com\/blog\/index.php?rest_route=%2Fwp%2Fv2%2Fcomments&post=12232"}],"version-history":[{"count":2,"href":"https:\/\/www.4ojos.com\/blog\/index.php?rest_route=\/wp\/v2\/posts\/12232\/revisions"}],"predecessor-version":[{"id":12254,"href":"https:\/\/www.4ojos.com\/blog\/index.php?rest_route=\/wp\/v2\/posts\/12232\/revisions\/12254"}],"wp:attachment":[{"href":"https:\/\/www.4ojos.com\/blog\/index.php?rest_route=%2Fwp%2Fv2%2Fmedia&parent=12232"}],"wp:term":[{"taxonomy":"category","embeddable":true,"href":"https:\/\/www.4ojos.com\/blog\/index.php?rest_route=%2Fwp%2Fv2%2Fcategories&post=12232"},{"taxonomy":"post_tag","embeddable":true,"href":"https:\/\/www.4ojos.com\/blog\/index.php?rest_route=%2Fwp%2Fv2%2Ftags&post=12232"}],"curies":[{"name":"wp","href":"https:\/\/api.w.org\/{rel}","templated":true}]}}