{"id":12136,"date":"2014-11-29T23:08:49","date_gmt":"2014-11-29T21:08:49","guid":{"rendered":"http:\/\/www.4ojos.com\/blog\/?p=12136"},"modified":"2014-11-29T23:30:44","modified_gmt":"2014-11-29T21:30:44","slug":"marcha-por-la-dignidad","status":"publish","type":"post","link":"https:\/\/www.4ojos.com\/blog\/?p=12136","title":{"rendered":"marcha por la dignidad"},"content":{"rendered":"<p><a href=\"http:\/\/www.4ojos.com\/blog\/imagenes\/actualidad\/15M-marchas-ind-29-11-14001.jpg\"><img loading=\"lazy\" class=\"alignnone\" src=\"http:\/\/www.4ojos.com\/blog\/imagenes\/actualidad\/15M-marchas-ind-29-11-14001.jpg\" alt=\"\" width=\"700\" height=\"350\" \/><\/a><\/p>\n<p>Mucha gente en la &#8220;Marcha por la dignidad&#8221; que, a pesar del fr\u00edo y la lluvia a ratos, ha llenado hoy Madrid. Los griposos solo pudimos asistir a la llegada a Sol, justo a tiempo de escuchar a la Solf\u00f3nica.<\/p>\n<p>Fotos de DisoPress,<a href=\"http:\/\/disopress.com\/gallery.php?mode=all&amp;id=Mjk5MTMxZTZmMjk3Nw==&amp;page=1\" target=\"_blank\"><strong> aqu\u00ed.<\/strong><\/a><\/p>\n<p>Fotos de Fotomovimiento<a href=\"https:\/\/www.flickr.com\/photos\/63055421@N04\/sets\/72157649463836576\" target=\"_blank\"><strong>, aqu\u00ed.<\/strong><\/a><\/p>\n<p><a href=\"http:\/\/www.4ojos.com\/blog\/imagenes\/actualidad\/15M-marchas-ind-29-11-14002.jpg\"><img loading=\"lazy\" class=\"alignnone\" src=\"http:\/\/www.4ojos.com\/blog\/imagenes\/actualidad\/15M-marchas-ind-29-11-14002.jpg\" alt=\"\" width=\"700\" height=\"350\" \/><\/a><br \/>\n<a href=\"http:\/\/www.4ojos.com\/blog\/imagenes\/actualidad\/15M-marchas-ind-29-11-14003.jpg\"><img loading=\"lazy\" class=\"alignnone\" src=\"http:\/\/www.4ojos.com\/blog\/imagenes\/actualidad\/15M-marchas-ind-29-11-14003.jpg\" alt=\"\" width=\"700\" height=\"350\" \/><\/a><\/p>\n<p>Las im\u00e1genes se amplian por si quer\u00e9is leerlas con m\u00e1s comodidad<\/p>\n<p>\u2014\u2014\u2014\u2014\u2014\u2014\u2014\u2014\u2014\u2014\u2013<br \/>\nPor si os interesa saber algo m\u00e1s de c\u00f3mo y por qu\u00e9 hago estos dibujos aqu\u00ed os dejo <a href=\"http:\/\/www.eldiario.es\/interferencias\/Enrique_Flores-dibujos-streaming_6_226487362.html\" target=\"_blank\"><strong>una entrevista que ha aparecido hace poco en eldiario.es<\/strong><\/a> que refleja una conversaci\u00f3n con Alvaro, de<a href=\"http:\/\/alfinaldelaasamblea.wordpress.com\/\" target=\"_blank\"><strong> Al final de la asamblea,<\/strong><\/a> transcrita por Amador Fdez. Savater.<\/p>\n<p>\u2014\u2014\u2014\u2014\u2014\u2014\u2014\u2014\u2014\u2014\u2013<\/p>\n<p><strong>El libro de mis dibujos de la Acampada de Sol<\/strong><strong> p<a href=\"http:\/\/librosdeblur.blogspot.com\/2011\/07\/cuaderno-de-sol_12.html\" target=\"_blank\">uede verse \u00edntegro aqu\u00ed<\/a><a href=\"http:\/\/librosdeblur.blogspot.com\/2011\/07\/cuaderno-de-sol_12.html\" target=\"_blank\"> <\/a>.<\/strong><br \/>\nAqu\u00ed <a href=\"http:\/\/www.4ojos.com\/blog\/?tag=15m\" target=\"_blank\"><strong>pod\u00e9is ver\/descargar el resto de mis dibujos sobre el 15M<\/strong><\/a><strong><a href=\"http:\/\/www.4ojos.com\/blog\/?tag=15m\" target=\"_blank\"><strong>.<\/strong><\/a><\/strong><br \/>\n<a href=\"http:\/\/www.4ojos.com\/blog\/?page_id=53\" target=\"_blank\"><strong>Algo de eco de esta serie de dibujos.<\/strong><\/a><\/p>\n","protected":false},"excerpt":{"rendered":"<p>Mucha gente en la &#8220;Marcha por la dignidad&#8221; que, a pesar del fr\u00edo y la lluvia a ratos, ha llenado hoy Madrid. Los griposos solo pudimos asistir a la llegada a Sol, justo a tiempo de escuchar a la Solf\u00f3nica. Fotos de DisoPress, aqu\u00ed. Fotos de Fotomovimiento, aqu\u00ed. Las im\u00e1genes se amplian por si quer\u00e9is [&hellip;]<\/p>\n","protected":false},"author":1,"featured_media":0,"comment_status":"open","ping_status":"open","sticky":false,"template":"","format":"standard","meta":{"ngg_post_thumbnail":0},"categories":[13],"tags":[208,78,117],"_links":{"self":[{"href":"https:\/\/www.4ojos.com\/blog\/index.php?rest_route=\/wp\/v2\/posts\/12136"}],"collection":[{"href":"https:\/\/www.4ojos.com\/blog\/index.php?rest_route=\/wp\/v2\/posts"}],"about":[{"href":"https:\/\/www.4ojos.com\/blog\/index.php?rest_route=\/wp\/v2\/types\/post"}],"author":[{"embeddable":true,"href":"https:\/\/www.4ojos.com\/blog\/index.php?rest_route=\/wp\/v2\/users\/1"}],"replies":[{"embeddable":true,"href":"https:\/\/www.4ojos.com\/blog\/index.php?rest_route=%2Fwp%2Fv2%2Fcomments&post=12136"}],"version-history":[{"count":3,"href":"https:\/\/www.4ojos.com\/blog\/index.php?rest_route=\/wp\/v2\/posts\/12136\/revisions"}],"predecessor-version":[{"id":12141,"href":"https:\/\/www.4ojos.com\/blog\/index.php?rest_route=\/wp\/v2\/posts\/12136\/revisions\/12141"}],"wp:attachment":[{"href":"https:\/\/www.4ojos.com\/blog\/index.php?rest_route=%2Fwp%2Fv2%2Fmedia&parent=12136"}],"wp:term":[{"taxonomy":"category","embeddable":true,"href":"https:\/\/www.4ojos.com\/blog\/index.php?rest_route=%2Fwp%2Fv2%2Fcategories&post=12136"},{"taxonomy":"post_tag","embeddable":true,"href":"https:\/\/www.4ojos.com\/blog\/index.php?rest_route=%2Fwp%2Fv2%2Ftags&post=12136"}],"curies":[{"name":"wp","href":"https:\/\/api.w.org\/{rel}","templated":true}]}}