{"id":11934,"date":"2014-09-21T02:23:22","date_gmt":"2014-09-21T00:23:22","guid":{"rendered":"http:\/\/www.4ojos.com\/blog\/?p=11934"},"modified":"2014-10-12T18:52:50","modified_gmt":"2014-10-12T16:52:50","slug":"asamblea-vivienda-madrid","status":"publish","type":"post","link":"https:\/\/www.4ojos.com\/blog\/?p=11934","title":{"rendered":"asamblea vivienda madrid"},"content":{"rendered":"<p><a href=\"http:\/\/www.4ojos.com\/blog\/imagenes\/actualidad\/antonio-grilo-001.jpg\"><img loading=\"lazy\" class=\"alignnone\" src=\"http:\/\/www.4ojos.com\/blog\/imagenes\/actualidad\/antonio-grilo-001.jpg\" alt=\"\" width=\"700\" height=\"347\" \/><\/a><br \/>\n<a href=\"&quot;http:\/\/www.somosmalasana.com\/edificios-okupados-gente-sin-casa-casas-sin-gente\" target=\"_blank\"><strong>La Manuela <\/strong><\/a>es un edificio de Malasa\u00f1a que se ocup\u00f3 hace unos meses para alojar familias necesitadas(fui a dibujarlo y puse mis dibujos<a href=\"http:\/\/www.4ojos.com\/blog\/?p=11905\" target=\"_blank\"><strong> aqu\u00ed).<\/strong><\/a> El otro d\u00eda<a href=\"http:\/\/www.somosmalasana.com\/las-familias-de-la-manuela-pactan-un-alquiler-social-con-la-propiedad\/\" target=\"_blank\"><strong> lograron pactar un alquiler social <\/strong><\/a>para los afectados y, para celebrarlo, hoy ha habido una fiesta en el solar ocupado de Antonio Grilo.<\/p>\n<p>https:\/\/www.diagonalperiodico.net\/movimientos\/23916-vecinas-bloque-ocupado-centro-madrid-consiguen-realojo.html<\/p>\n<p><a href=\"http:\/\/www.4ojos.com\/blog\/imagenes\/actualidad\/antonio-grilo-0012.jpg\"><img loading=\"lazy\" class=\"alignnone\" src=\"http:\/\/www.4ojos.com\/blog\/imagenes\/actualidad\/antonio-grilo-002.jpg\" alt=\"\" width=\"700\" height=\"347\" \/><\/a><\/p>\n<p>Las im\u00e1genes se amplian por si quer\u00e9is leerlas con m\u00e1s comodidad<\/p>\n<p>\u2014\u2014\u2014\u2014\u2014\u2014\u2014\u2014\u2014\u2014\u2013<br \/>\nPor si os interesa saber algo m\u00e1s de c\u00f3mo y por qu\u00e9 hago estos dibujos aqu\u00ed os dejo <a href=\"http:\/\/www.eldiario.es\/interferencias\/Enrique_Flores-dibujos-streaming_6_226487362.html\" target=\"_blank\"><strong>una entrevista que ha aparecido hace poco en eldiario.es<\/strong><\/a> que refleja una conversaci\u00f3n con Alvaro, de<a href=\"http:\/\/alfinaldelaasamblea.wordpress.com\/\" target=\"_blank\"><strong> Al final de la asamblea,<\/strong><\/a> transcrita por Amador Fdez. Savater.<\/p>\n<p>\u2014\u2014\u2014\u2014\u2014\u2014\u2014\u2014\u2014\u2014\u2013<\/p>\n<p><strong>El libro de mis dibujos de la Acampada de Sol<\/strong><strong> p<a href=\"http:\/\/librosdeblur.blogspot.com\/2011\/07\/cuaderno-de-sol_12.html\" target=\"_blank\">uede verse \u00edntegro aqu\u00ed<\/a><a href=\"http:\/\/librosdeblur.blogspot.com\/2011\/07\/cuaderno-de-sol_12.html\" target=\"_blank\"> <\/a>.<\/strong><br \/>\nAqu\u00ed <a href=\"http:\/\/www.4ojos.com\/blog\/?tag=15m\" target=\"_blank\"><strong>pod\u00e9is ver\/descargar el resto de mis dibujos sobre el 15M<\/strong><\/a><strong><a href=\"http:\/\/www.4ojos.com\/blog\/?tag=15m\" target=\"_blank\"><strong>.<\/strong><\/a><\/strong><br \/>\n<a href=\"http:\/\/www.4ojos.com\/blog\/?page_id=53\" target=\"_blank\"><strong>Algo de eco de esta serie de dibujos.<\/strong><\/a><\/p>\n","protected":false},"excerpt":{"rendered":"<p>La Manuela es un edificio de Malasa\u00f1a que se ocup\u00f3 hace unos meses para alojar familias necesitadas(fui a dibujarlo y puse mis dibujos aqu\u00ed). El otro d\u00eda lograron pactar un alquiler social para los afectados y, para celebrarlo, hoy ha habido una fiesta en el solar ocupado de Antonio Grilo. https:\/\/www.diagonalperiodico.net\/movimientos\/23916-vecinas-bloque-ocupado-centro-madrid-consiguen-realojo.html Las im\u00e1genes se amplian [&hellip;]<\/p>\n","protected":false},"author":1,"featured_media":0,"comment_status":"open","ping_status":"open","sticky":false,"template":"","format":"standard","meta":{"ngg_post_thumbnail":0},"categories":[13],"tags":[208,78],"_links":{"self":[{"href":"https:\/\/www.4ojos.com\/blog\/index.php?rest_route=\/wp\/v2\/posts\/11934"}],"collection":[{"href":"https:\/\/www.4ojos.com\/blog\/index.php?rest_route=\/wp\/v2\/posts"}],"about":[{"href":"https:\/\/www.4ojos.com\/blog\/index.php?rest_route=\/wp\/v2\/types\/post"}],"author":[{"embeddable":true,"href":"https:\/\/www.4ojos.com\/blog\/index.php?rest_route=\/wp\/v2\/users\/1"}],"replies":[{"embeddable":true,"href":"https:\/\/www.4ojos.com\/blog\/index.php?rest_route=%2Fwp%2Fv2%2Fcomments&post=11934"}],"version-history":[{"count":4,"href":"https:\/\/www.4ojos.com\/blog\/index.php?rest_route=\/wp\/v2\/posts\/11934\/revisions"}],"predecessor-version":[{"id":12002,"href":"https:\/\/www.4ojos.com\/blog\/index.php?rest_route=\/wp\/v2\/posts\/11934\/revisions\/12002"}],"wp:attachment":[{"href":"https:\/\/www.4ojos.com\/blog\/index.php?rest_route=%2Fwp%2Fv2%2Fmedia&parent=11934"}],"wp:term":[{"taxonomy":"category","embeddable":true,"href":"https:\/\/www.4ojos.com\/blog\/index.php?rest_route=%2Fwp%2Fv2%2Fcategories&post=11934"},{"taxonomy":"post_tag","embeddable":true,"href":"https:\/\/www.4ojos.com\/blog\/index.php?rest_route=%2Fwp%2Fv2%2Ftags&post=11934"}],"curies":[{"name":"wp","href":"https:\/\/api.w.org\/{rel}","templated":true}]}}