{"id":11931,"date":"2014-09-21T02:05:35","date_gmt":"2014-09-21T00:05:35","guid":{"rendered":"http:\/\/www.4ojos.com\/blog\/?p=11931"},"modified":"2014-09-21T03:03:50","modified_gmt":"2014-09-21T01:03:50","slug":"clemente-bernad","status":"publish","type":"post","link":"https:\/\/www.4ojos.com\/blog\/?p=11931","title":{"rendered":"clemente bernad"},"content":{"rendered":"<p><a href=\"http:\/\/www.4ojos.com\/blog\/imagenes\/varios\/clemente-bernad-001.jpg\"><img loading=\"lazy\" class=\"alignnone\" src=\"http:\/\/www.4ojos.com\/blog\/imagenes\/varios\/clemente-bernad-001.jpg\" alt=\"\" width=\"700\" height=\"347\" \/><\/a><\/p>\n<p>Muy interesante la charla que ha dado esta tarde <a href=\"http:\/\/clementebernad.photoshelter.com\/\" target=\"_blank\"><strong>Clemente Bernad <\/strong><\/a>dentro de los <a href=\"www.sabadosnegros.org\" target=\"_self\"><strong>S\u00e1bados Negros<\/strong><\/a> que se organizan una vez al mes en <a href=\"http:\/\/www.traficantes.net\/\" target=\"_blank\"><strong>Traficantes de Sue\u00f1os<\/strong><\/a>. Durante\u00a0 las ca\u00f1as hablamos de Sergio Larra\u00edn (de quien ya habl\u00e9 <a href=\"http:\/\/www.4ojos.com\/blog\/?p=10543\" target=\"_blank\"><strong>aqu\u00ed<\/strong><\/a>), de <a href=\"http:\/\/www.magnumphotos.com\/Catalogue\/W-Eugene--Smith\/1951\/SPAIN-Village-of-Deleitosa-in-Western-Spain-1951-NN145579.html\" target=\"_blank\"><strong>Eugene Smith en Deleitosa<\/strong><\/a> y de <a href=\"http:\/\/clemente.4ormat.com\/nuestro-fotografo-decisivo\" target=\"_blank\"><strong>Koldo Chamorro.<\/strong><\/a><\/p>\n<p>Otros trabajos suyos,<a href=\"http:\/\/clemente.4ormat.com\/\" target=\"_blank\"><strong> aqu\u00ed<\/strong><\/a><\/p>\n<p><a href=\"http:\/\/www.4ojos.com\/blog\/imagenes\/varios\/clemente-bernad-002.jpg\"><img loading=\"lazy\" class=\"alignnone\" src=\"http:\/\/www.4ojos.com\/blog\/imagenes\/varios\/clemente-bernad-002.jpg\" alt=\"\" width=\"700\" height=\"347\" \/><\/a><\/p>\n","protected":false},"excerpt":{"rendered":"<p>Muy interesante la charla que ha dado esta tarde Clemente Bernad dentro de los S\u00e1bados Negros que se organizan una vez al mes en Traficantes de Sue\u00f1os. Durante\u00a0 las ca\u00f1as hablamos de Sergio Larra\u00edn (de quien ya habl\u00e9 aqu\u00ed), de Eugene Smith en Deleitosa y de Koldo Chamorro. Otros trabajos suyos, aqu\u00ed<\/p>\n","protected":false},"author":1,"featured_media":0,"comment_status":"open","ping_status":"open","sticky":false,"template":"","format":"standard","meta":{"ngg_post_thumbnail":0},"categories":[12],"tags":[78,52],"_links":{"self":[{"href":"https:\/\/www.4ojos.com\/blog\/index.php?rest_route=\/wp\/v2\/posts\/11931"}],"collection":[{"href":"https:\/\/www.4ojos.com\/blog\/index.php?rest_route=\/wp\/v2\/posts"}],"about":[{"href":"https:\/\/www.4ojos.com\/blog\/index.php?rest_route=\/wp\/v2\/types\/post"}],"author":[{"embeddable":true,"href":"https:\/\/www.4ojos.com\/blog\/index.php?rest_route=\/wp\/v2\/users\/1"}],"replies":[{"embeddable":true,"href":"https:\/\/www.4ojos.com\/blog\/index.php?rest_route=%2Fwp%2Fv2%2Fcomments&post=11931"}],"version-history":[{"count":3,"href":"https:\/\/www.4ojos.com\/blog\/index.php?rest_route=\/wp\/v2\/posts\/11931\/revisions"}],"predecessor-version":[{"id":11937,"href":"https:\/\/www.4ojos.com\/blog\/index.php?rest_route=\/wp\/v2\/posts\/11931\/revisions\/11937"}],"wp:attachment":[{"href":"https:\/\/www.4ojos.com\/blog\/index.php?rest_route=%2Fwp%2Fv2%2Fmedia&parent=11931"}],"wp:term":[{"taxonomy":"category","embeddable":true,"href":"https:\/\/www.4ojos.com\/blog\/index.php?rest_route=%2Fwp%2Fv2%2Fcategories&post=11931"},{"taxonomy":"post_tag","embeddable":true,"href":"https:\/\/www.4ojos.com\/blog\/index.php?rest_route=%2Fwp%2Fv2%2Ftags&post=11931"}],"curies":[{"name":"wp","href":"https:\/\/api.w.org\/{rel}","templated":true}]}}