{"id":11876,"date":"2014-09-19T02:49:07","date_gmt":"2014-09-19T00:49:07","guid":{"rendered":"http:\/\/www.4ojos.com\/blog\/?p=11876"},"modified":"2014-09-21T04:19:37","modified_gmt":"2014-09-21T02:19:37","slug":"aborto-2","status":"publish","type":"post","link":"https:\/\/www.4ojos.com\/blog\/?p=11876","title":{"rendered":"aborto"},"content":{"rendered":"<p><a href=\"http:\/\/www.4ojos.com\/blog\/imagenes\/actualidad\/15M-charla-abort-2-9-14-001.jpg\"><img loading=\"lazy\" class=\"alignnone\" src=\"http:\/\/www.4ojos.com\/blog\/imagenes\/actualidad\/15M-charla-abort-2-9-14-001.jpg\" alt=\"\" width=\"700\" height=\"347\" \/><\/a><\/p>\n<p>He tenido la oportunidad de participar como convidado de piedra en una charla en la que cuatro mujeres charlan sobre su experiencia con el aborto: una lo hizo cuando Franco estaba vivo, otra con la ley de supuestos, otra con la ley de plazos, otra no hab\u00eda abortado nunca. Ojal\u00e1 ni ella, ni nadie, tenga que hacerlo con la ley que pretende reformar el ministro Gallard\u00f3n.<\/p>\n<p>M\u00e1s <a href=\"http:\/\/austrias.tomalosbarrios.net\/6206\"><strong>aqu\u00ed<\/strong><\/a><\/p>\n<p><a href=\"http:\/\/www.4ojos.com\/blog\/imagenes\/actualidad\/15M-charla-abort-2-9-14-002.jpg\"><img loading=\"lazy\" class=\"alignnone\" src=\"http:\/\/www.4ojos.com\/blog\/imagenes\/actualidad\/15M-charla-abort-2-9-14-002.jpg\" alt=\"\" width=\"700\" height=\"347\" \/><\/a><br \/>\n<a href=\"http:\/\/www.4ojos.com\/blog\/imagenes\/actualidad\/15M-charla-abort-2-9-14-003.jpg\"><img loading=\"lazy\" class=\"alignnone\" src=\"http:\/\/www.4ojos.com\/blog\/imagenes\/actualidad\/15M-charla-abort-2-9-14-003.jpg\" alt=\"\" width=\"700\" height=\"347\" \/><\/a><br \/>\n<a href=\"http:\/\/www.4ojos.com\/blog\/imagenes\/actualidad\/15M-charla-abort-2-9-14-004.jpg\"><img loading=\"lazy\" class=\"alignnone\" src=\"http:\/\/www.4ojos.com\/blog\/imagenes\/actualidad\/15M-charla-abort-2-9-14-004.jpg\" alt=\"\" width=\"700\" height=\"347\" \/><\/a><br \/>\n<a href=\"http:\/\/www.4ojos.com\/blog\/imagenes\/actualidad\/15M-charla-abort-2-9-14-005.jpg\"><img loading=\"lazy\" class=\"alignnone\" src=\"http:\/\/www.4ojos.com\/blog\/imagenes\/actualidad\/15M-charla-abort-2-9-14-005.jpg\" alt=\"\" width=\"700\" height=\"347\" \/><\/a><br \/>\n<a href=\"http:\/\/www.4ojos.com\/blog\/imagenes\/actualidad\/15M-charla-abort-2-9-14-006.jpg\"><img loading=\"lazy\" class=\"alignnone\" src=\"http:\/\/www.4ojos.com\/blog\/imagenes\/actualidad\/15M-charla-abort-2-9-14-006.jpg\" alt=\"\" width=\"700\" height=\"347\" \/><\/a><br \/>\n<a href=\"http:\/\/www.4ojos.com\/blog\/imagenes\/actualidad\/15M-charla-abort-2-9-14-007.jpg\"><img loading=\"lazy\" class=\"alignnone\" src=\"http:\/\/www.4ojos.com\/blog\/imagenes\/actualidad\/15M-charla-abort-2-9-14-007.jpg\" alt=\"\" width=\"700\" height=\"347\" \/><\/a><\/p>\n","protected":false},"excerpt":{"rendered":"<p>He tenido la oportunidad de participar como convidado de piedra en una charla en la que cuatro mujeres charlan sobre su experiencia con el aborto: una lo hizo cuando Franco estaba vivo, otra con la ley de supuestos, otra con la ley de plazos, otra no hab\u00eda abortado nunca. Ojal\u00e1 ni ella, ni nadie, tenga [&hellip;]<\/p>\n","protected":false},"author":1,"featured_media":0,"comment_status":"open","ping_status":"open","sticky":false,"template":"","format":"standard","meta":{"ngg_post_thumbnail":0},"categories":[13],"tags":[208,78],"_links":{"self":[{"href":"https:\/\/www.4ojos.com\/blog\/index.php?rest_route=\/wp\/v2\/posts\/11876"}],"collection":[{"href":"https:\/\/www.4ojos.com\/blog\/index.php?rest_route=\/wp\/v2\/posts"}],"about":[{"href":"https:\/\/www.4ojos.com\/blog\/index.php?rest_route=\/wp\/v2\/types\/post"}],"author":[{"embeddable":true,"href":"https:\/\/www.4ojos.com\/blog\/index.php?rest_route=\/wp\/v2\/users\/1"}],"replies":[{"embeddable":true,"href":"https:\/\/www.4ojos.com\/blog\/index.php?rest_route=%2Fwp%2Fv2%2Fcomments&post=11876"}],"version-history":[{"count":3,"href":"https:\/\/www.4ojos.com\/blog\/index.php?rest_route=\/wp\/v2\/posts\/11876\/revisions"}],"predecessor-version":[{"id":11938,"href":"https:\/\/www.4ojos.com\/blog\/index.php?rest_route=\/wp\/v2\/posts\/11876\/revisions\/11938"}],"wp:attachment":[{"href":"https:\/\/www.4ojos.com\/blog\/index.php?rest_route=%2Fwp%2Fv2%2Fmedia&parent=11876"}],"wp:term":[{"taxonomy":"category","embeddable":true,"href":"https:\/\/www.4ojos.com\/blog\/index.php?rest_route=%2Fwp%2Fv2%2Fcategories&post=11876"},{"taxonomy":"post_tag","embeddable":true,"href":"https:\/\/www.4ojos.com\/blog\/index.php?rest_route=%2Fwp%2Fv2%2Ftags&post=11876"}],"curies":[{"name":"wp","href":"https:\/\/api.w.org\/{rel}","templated":true}]}}