{"id":11563,"date":"2014-05-04T12:49:59","date_gmt":"2014-05-04T10:49:59","guid":{"rendered":"http:\/\/www.4ojos.com\/blog\/?p=11563"},"modified":"2014-05-04T12:49:59","modified_gmt":"2014-05-04T10:49:59","slug":"politica-portuguesa3","status":"publish","type":"post","link":"https:\/\/www.4ojos.com\/blog\/?p=11563","title":{"rendered":"pol\u00edtica portuguesa\/3"},"content":{"rendered":"<p><a href=\"http:\/\/www.4ojos.com\/blog\/imagenes\/varios\/caravana-europa-21.jpg\"><img loading=\"lazy\" class=\"alignnone\" src=\"http:\/\/www.4ojos.com\/blog\/imagenes\/varios\/caravana-europa-21.jpg\" alt=\"\" width=\"700\" height=\"393\" \/><\/a><\/p>\n<p>El s\u00e1bado compart\u00ed ca\u00f1as y charla pol\u00edtica con\u00a0  la ONG European Alternatives (leed el <a href=\"www.citizenspact.eu\" target=\"_blank\"><strong>Citizens Pact<\/strong><\/a> que han elaborado) y con la gente del nuevo partido <a href=\"http:\/\/livrept.net\/\" target=\"_blank\"><strong>LIVRE<\/strong><\/a>, una suerte de Podemos a la portuguesa que busca un esca\u00f1o en las pr\u00f3ximas elecciones europeas.<\/p>\n<p><a href=\"http:\/\/www.4ojos.com\/blog\/imagenes\/varios\/caravana-europa-22.jpg\"><img loading=\"lazy\" class=\"alignnone\" src=\"http:\/\/www.4ojos.com\/blog\/imagenes\/varios\/caravana-europa-22.jpg\" alt=\"\" width=\"700\" height=\"393\" \/><\/a><br \/>\n<a href=\"http:\/\/www.4ojos.com\/blog\/imagenes\/varios\/caravana-europa-23.jpg\"><img loading=\"lazy\" class=\"alignnone\" src=\"http:\/\/www.4ojos.com\/blog\/imagenes\/varios\/caravana-europa-23.jpg\" alt=\"\" width=\"700\" height=\"393\" \/><\/a><br \/>\n<a href=\"http:\/\/www.4ojos.com\/blog\/imagenes\/varios\/caravana-europa-24.jpg\"><img loading=\"lazy\" class=\"alignnone\" src=\"http:\/\/www.4ojos.com\/blog\/imagenes\/varios\/caravana-europa-24.jpg\" alt=\"\" width=\"700\" height=\"393\" \/><\/a><\/p>\n","protected":false},"excerpt":{"rendered":"<p>El s\u00e1bado compart\u00ed ca\u00f1as y charla pol\u00edtica con\u00a0 la ONG European Alternatives (leed el Citizens Pact que han elaborado) y con la gente del nuevo partido LIVRE, una suerte de Podemos a la portuguesa que busca un esca\u00f1o en las pr\u00f3ximas elecciones europeas.<\/p>\n","protected":false},"author":1,"featured_media":0,"comment_status":"open","ping_status":"open","sticky":false,"template":"","format":"standard","meta":{"ngg_post_thumbnail":0},"categories":[13],"tags":[78],"_links":{"self":[{"href":"https:\/\/www.4ojos.com\/blog\/index.php?rest_route=\/wp\/v2\/posts\/11563"}],"collection":[{"href":"https:\/\/www.4ojos.com\/blog\/index.php?rest_route=\/wp\/v2\/posts"}],"about":[{"href":"https:\/\/www.4ojos.com\/blog\/index.php?rest_route=\/wp\/v2\/types\/post"}],"author":[{"embeddable":true,"href":"https:\/\/www.4ojos.com\/blog\/index.php?rest_route=\/wp\/v2\/users\/1"}],"replies":[{"embeddable":true,"href":"https:\/\/www.4ojos.com\/blog\/index.php?rest_route=%2Fwp%2Fv2%2Fcomments&post=11563"}],"version-history":[{"count":2,"href":"https:\/\/www.4ojos.com\/blog\/index.php?rest_route=\/wp\/v2\/posts\/11563\/revisions"}],"predecessor-version":[{"id":11568,"href":"https:\/\/www.4ojos.com\/blog\/index.php?rest_route=\/wp\/v2\/posts\/11563\/revisions\/11568"}],"wp:attachment":[{"href":"https:\/\/www.4ojos.com\/blog\/index.php?rest_route=%2Fwp%2Fv2%2Fmedia&parent=11563"}],"wp:term":[{"taxonomy":"category","embeddable":true,"href":"https:\/\/www.4ojos.com\/blog\/index.php?rest_route=%2Fwp%2Fv2%2Fcategories&post=11563"},{"taxonomy":"post_tag","embeddable":true,"href":"https:\/\/www.4ojos.com\/blog\/index.php?rest_route=%2Fwp%2Fv2%2Ftags&post=11563"}],"curies":[{"name":"wp","href":"https:\/\/api.w.org\/{rel}","templated":true}]}}