{"id":11552,"date":"2014-05-03T04:34:56","date_gmt":"2014-05-03T02:34:56","guid":{"rendered":"http:\/\/www.4ojos.com\/blog\/?p=11552"},"modified":"2014-05-05T03:27:40","modified_gmt":"2014-05-05T01:27:40","slug":"transeuropa-caravan","status":"publish","type":"post","link":"https:\/\/www.4ojos.com\/blog\/?p=11552","title":{"rendered":"transeuropa caravan"},"content":{"rendered":"<p><a href=\"http:\/\/www.4ojos.com\/blog\/imagenes\/varios\/caravana-europa-1.jpg\"><img loading=\"lazy\" class=\"alignnone\" src=\"http:\/\/www.4ojos.com\/blog\/imagenes\/varios\/caravana-europa-1.jpg\" alt=\"\" width=\"700\" height=\"393\" \/><\/a><\/p>\n<p>Estoy haciendo estos dias un reportaje dibujado para la ONG<a href=\"http:\/\/www.euroalter.com\/\" target=\"_blank\"> <strong>European Alternatives<\/strong><\/a> sobre la Caravana <strong>T<\/strong>ranseuropea que recorre la penisula ib\u00e9rica para dar a conocer el <a href=\"www.citizenspact.eu\" target=\"_blank\"><strong>Citizens Pact<\/strong><\/a>. Procurar\u00e9 subiros estos d\u00edas alg\u00fan dibujo, comentario y enlace m\u00e1s de \u00e9sta iniciativa que sali\u00f3 de Barcelona hace ocho d\u00edas y llegar\u00e1 a Lisboa ma\u00f1ana.<\/p>\n<p>La iniciativa se parece bastante a la que cuaj\u00f3 la gente de la <a href=\"http:\/\/movimientodemocracia.net\/estamos-llegando\/carta_por_la_democracia\/\" target=\"_blank\"><strong>Marea por la Democracia<\/strong><\/a>: un amplio grupo de personas deja por escrito c\u00f3mo es el sistema pol\u00edtico en el que le gustar\u00eda vivir. Una carta a los Reyes Magos necesaria por la que merece la pena luchar.<\/p>\n<p><a href=\"http:\/\/www.4ojos.com\/blog\/imagenes\/varios\/caravana-europa-2.jpg\"><img loading=\"lazy\" class=\"alignnone\" src=\"http:\/\/www.4ojos.com\/blog\/imagenes\/varios\/caravana-europa-2.jpg\" alt=\"\" width=\"700\" height=\"393\" \/><\/a><br \/>\n<a href=\"http:\/\/www.4ojos.com\/blog\/imagenes\/varios\/caravana-europa-3.jpg\"><img loading=\"lazy\" class=\"alignnone\" src=\"http:\/\/www.4ojos.com\/blog\/imagenes\/varios\/caravana-europa-3.jpg\" alt=\"\" width=\"700\" height=\"393\" \/><\/a><br \/>\n<a href=\"http:\/\/www.4ojos.com\/blog\/imagenes\/varios\/caravana-europa-4.jpg\"><img loading=\"lazy\" class=\"alignnone\" src=\"http:\/\/www.4ojos.com\/blog\/imagenes\/varios\/caravana-europa-4.jpg\" alt=\"\" width=\"700\" height=\"393\" \/><\/a><br \/>\n<a href=\"http:\/\/www.4ojos.com\/blog\/imagenes\/varios\/caravana-europa-5.jpg\"><img loading=\"lazy\" class=\"alignnone\" src=\"http:\/\/www.4ojos.com\/blog\/imagenes\/varios\/caravana-europa-5.jpg\" alt=\"\" width=\"700\" height=\"393\" \/><\/a><br \/>\n<a href=\"http:\/\/www.4ojos.com\/blog\/imagenes\/varios\/caravana-europa-6.jpg\"><img loading=\"lazy\" class=\"alignnone\" src=\"http:\/\/www.4ojos.com\/blog\/imagenes\/varios\/caravana-europa-6.jpg\" alt=\"\" width=\"700\" height=\"393\" \/><\/a><br \/>\n<a href=\"http:\/\/www.4ojos.com\/blog\/imagenes\/varios\/caravana-europa-7.jpg\"><img loading=\"lazy\" class=\"alignnone\" src=\"http:\/\/www.4ojos.com\/blog\/imagenes\/varios\/caravana-europa-7.jpg\" alt=\"\" width=\"700\" height=\"393\" \/><\/a><br \/>\n<a href=\"http:\/\/www.4ojos.com\/blog\/imagenes\/varios\/caravana-europa-8.jpg\"><img loading=\"lazy\" class=\"alignnone\" src=\"http:\/\/www.4ojos.com\/blog\/imagenes\/varios\/caravana-europa-8.jpg\" alt=\"\" width=\"700\" height=\"393\" \/><\/a><br \/>\n<a href=\"http:\/\/www.4ojos.com\/blog\/imagenes\/varios\/caravana-europa-9.jpg\"><img loading=\"lazy\" class=\"alignnone\" src=\"http:\/\/www.4ojos.com\/blog\/imagenes\/varios\/caravana-europa-9.jpg\" alt=\"\" width=\"700\" height=\"393\" \/><\/a><\/p>\n","protected":false},"excerpt":{"rendered":"<p>Estoy haciendo estos dias un reportaje dibujado para la ONG European Alternatives sobre la Caravana Transeuropea que recorre la penisula ib\u00e9rica para dar a conocer el Citizens Pact. Procurar\u00e9 subiros estos d\u00edas alg\u00fan dibujo, comentario y enlace m\u00e1s de \u00e9sta iniciativa que sali\u00f3 de Barcelona hace ocho d\u00edas y llegar\u00e1 a Lisboa ma\u00f1ana. La iniciativa [&hellip;]<\/p>\n","protected":false},"author":1,"featured_media":0,"comment_status":"open","ping_status":"open","sticky":false,"template":"","format":"standard","meta":{"ngg_post_thumbnail":0},"categories":[13],"tags":[78],"_links":{"self":[{"href":"https:\/\/www.4ojos.com\/blog\/index.php?rest_route=\/wp\/v2\/posts\/11552"}],"collection":[{"href":"https:\/\/www.4ojos.com\/blog\/index.php?rest_route=\/wp\/v2\/posts"}],"about":[{"href":"https:\/\/www.4ojos.com\/blog\/index.php?rest_route=\/wp\/v2\/types\/post"}],"author":[{"embeddable":true,"href":"https:\/\/www.4ojos.com\/blog\/index.php?rest_route=\/wp\/v2\/users\/1"}],"replies":[{"embeddable":true,"href":"https:\/\/www.4ojos.com\/blog\/index.php?rest_route=%2Fwp%2Fv2%2Fcomments&post=11552"}],"version-history":[{"count":5,"href":"https:\/\/www.4ojos.com\/blog\/index.php?rest_route=\/wp\/v2\/posts\/11552\/revisions"}],"predecessor-version":[{"id":11572,"href":"https:\/\/www.4ojos.com\/blog\/index.php?rest_route=\/wp\/v2\/posts\/11552\/revisions\/11572"}],"wp:attachment":[{"href":"https:\/\/www.4ojos.com\/blog\/index.php?rest_route=%2Fwp%2Fv2%2Fmedia&parent=11552"}],"wp:term":[{"taxonomy":"category","embeddable":true,"href":"https:\/\/www.4ojos.com\/blog\/index.php?rest_route=%2Fwp%2Fv2%2Fcategories&post=11552"},{"taxonomy":"post_tag","embeddable":true,"href":"https:\/\/www.4ojos.com\/blog\/index.php?rest_route=%2Fwp%2Fv2%2Ftags&post=11552"}],"curies":[{"name":"wp","href":"https:\/\/api.w.org\/{rel}","templated":true}]}}