{"id":11320,"date":"2014-03-07T00:01:44","date_gmt":"2014-03-06T22:01:44","guid":{"rendered":"http:\/\/www.4ojos.com\/blog\/?p=11320"},"modified":"2014-03-10T04:41:21","modified_gmt":"2014-03-10T02:41:21","slug":"desaparecidos","status":"publish","type":"post","link":"https:\/\/www.4ojos.com\/blog\/?p=11320","title":{"rendered":"desaparecidos"},"content":{"rendered":"<p><a href=\"http:\/\/www.4ojos.com\/blog\/imagenes\/actualidad\/memoria-001.jpg\"><img loading=\"lazy\" class=\"alignnone\" src=\"http:\/\/www.4ojos.com\/blog\/imagenes\/actualidad\/memoria-001.jpg\" alt=\"\" width=\"700\" height=\"347\" \/><\/a><br \/>\nAyer estuve en el Teatro del Barrio escuchando un homenaje a los aproximadamente 113.000 (si, hab\u00e9is le\u00eddo bien) desaparecidos del franquismo. Hablaron Emilio Silva, Juan Carlos Mestre y Manuel Rivas, se proyectaron fotos de <a href=\"http:\/\/clementebernadblog.wordpress.com\/\" target=\"_blank\"><strong>Clemente Bernad<\/strong><\/a> y cant\u00f3 Enrique el Drogas, ex de Barricada.<br \/>\nFotos de alvaro Minguito, <a href=\"http:\/\/disopress.com\/gallery.php?mode=gallery&amp;id=NDU0MTMxZTZmMjk3Nw%3D%3D&amp;page=1\" target=\"_blank\"><strong>aqu\u00ed.<\/strong><\/a><a href=\"http:\/\/www.4ojos.com\/blog\/imagenes\/actualidad\/memoria-002.jpg\"><img loading=\"lazy\" class=\"alignnone\" src=\"http:\/\/www.4ojos.com\/blog\/imagenes\/actualidad\/memoria-002.jpg\" alt=\"\" width=\"700\" height=\"347\" \/><\/a><br \/>\n<a href=\"http:\/\/www.4ojos.com\/blog\/imagenes\/actualidad\/memoria-003.jpg\"><img loading=\"lazy\" class=\"alignnone\" src=\"http:\/\/www.4ojos.com\/blog\/imagenes\/actualidad\/memoria-003.jpg\" alt=\"\" width=\"700\" height=\"347\" \/><\/a><br \/>\n<a href=\"http:\/\/www.4ojos.com\/blog\/imagenes\/actualidad\/memoria-004.jpg\"><img loading=\"lazy\" class=\"alignnone\" src=\"http:\/\/www.4ojos.com\/blog\/imagenes\/actualidad\/memoria-004.jpg\" alt=\"\" width=\"700\" height=\"347\" \/><\/a>La grabaci\u00f3n completa del acto (59.52 min.) <a dir=\"ltr\" rel=\"nofollow\" href=\"http:\/\/www.youtube.com\/watch?v=oPHx9152ZsI\" target=\"_blank\">http:\/\/www.youtube.com\/watch?v=oPHx9152ZsI[youtube] http:\/\/www.youtube.com\/watch?v=oPHx9152ZsI[\/youtube]<\/a><\/p>\n","protected":false},"excerpt":{"rendered":"<p>Ayer estuve en el Teatro del Barrio escuchando un homenaje a los aproximadamente 113.000 (si, hab\u00e9is le\u00eddo bien) desaparecidos del franquismo. Hablaron Emilio Silva, Juan Carlos Mestre y Manuel Rivas, se proyectaron fotos de Clemente Bernad y cant\u00f3 Enrique el Drogas, ex de Barricada. Fotos de alvaro Minguito, aqu\u00ed. La grabaci\u00f3n completa del acto (59.52 [&hellip;]<\/p>\n","protected":false},"author":1,"featured_media":0,"comment_status":"open","ping_status":"open","sticky":false,"template":"","format":"standard","meta":{"ngg_post_thumbnail":0},"categories":[12],"tags":[197,78],"_links":{"self":[{"href":"https:\/\/www.4ojos.com\/blog\/index.php?rest_route=\/wp\/v2\/posts\/11320"}],"collection":[{"href":"https:\/\/www.4ojos.com\/blog\/index.php?rest_route=\/wp\/v2\/posts"}],"about":[{"href":"https:\/\/www.4ojos.com\/blog\/index.php?rest_route=\/wp\/v2\/types\/post"}],"author":[{"embeddable":true,"href":"https:\/\/www.4ojos.com\/blog\/index.php?rest_route=\/wp\/v2\/users\/1"}],"replies":[{"embeddable":true,"href":"https:\/\/www.4ojos.com\/blog\/index.php?rest_route=%2Fwp%2Fv2%2Fcomments&post=11320"}],"version-history":[{"count":5,"href":"https:\/\/www.4ojos.com\/blog\/index.php?rest_route=\/wp\/v2\/posts\/11320\/revisions"}],"predecessor-version":[{"id":11341,"href":"https:\/\/www.4ojos.com\/blog\/index.php?rest_route=\/wp\/v2\/posts\/11320\/revisions\/11341"}],"wp:attachment":[{"href":"https:\/\/www.4ojos.com\/blog\/index.php?rest_route=%2Fwp%2Fv2%2Fmedia&parent=11320"}],"wp:term":[{"taxonomy":"category","embeddable":true,"href":"https:\/\/www.4ojos.com\/blog\/index.php?rest_route=%2Fwp%2Fv2%2Fcategories&post=11320"},{"taxonomy":"post_tag","embeddable":true,"href":"https:\/\/www.4ojos.com\/blog\/index.php?rest_route=%2Fwp%2Fv2%2Ftags&post=11320"}],"curies":[{"name":"wp","href":"https:\/\/api.w.org\/{rel}","templated":true}]}}