{"id":10110,"date":"2013-04-19T16:18:43","date_gmt":"2013-04-19T14:18:43","guid":{"rendered":"http:\/\/www.4ojos.com\/blog\/?p=10110"},"modified":"2013-05-26T00:59:54","modified_gmt":"2013-05-25T22:59:54","slug":"yo-si-2","status":"publish","type":"post","link":"https:\/\/www.4ojos.com\/blog\/?p=10110","title":{"rendered":"Yo S\u00ed"},"content":{"rendered":"<p><a href=\"http:\/\/www.4ojos.com\/blog\/imagenes\/actualidad\/15M-YoSi-reu-001.jpg\"><img loading=\"lazy\" class=\"alignnone\" src=\"http:\/\/www.4ojos.com\/blog\/imagenes\/actualidad\/15M-YoSi-reu-001.jpg\" alt=\"\" width=\"700\" height=\"510\" \/><\/a><\/p>\n<p>Imagino que est\u00e1is al tanto de la existencia del vergonzoso Real Decreto-Ley 16\/2012 que supone la exclusi\u00f3n de cientos de miles de personas del derecho a recibir atenci\u00f3n sanitaria. Ayer estuve reunido con la gente de YoS\u00ed, que promueve la objeci\u00f3n y desobeciencia del personal sanitario a esta infamia. M\u00e1s informaci\u00f3n en su completa web, <a href=\"http:\/\/yosisanidaduniversal.net\/portada.php\" target=\"_blank\"><strong>aqu\u00ed<\/strong><\/a><\/p>\n<p>ACTUALIZO 25-5-13. Es muy interesante y completa esta <a href=\"http:\/\/www.eldiario.es\/interferencias\/sanidad_publica-Yo_Si_6_135846437.html\" target=\"_blank\"><strong>entrevista de Amador Fern\u00e1ndez Savater en eldiario.es<\/strong><\/a><\/p>\n<p><a href=\"http:\/\/www.4ojos.com\/blog\/imagenes\/actualidad\/15M-YoSi-reu-002.jpg\"><img loading=\"lazy\" class=\"alignnone\" src=\"http:\/\/www.4ojos.com\/blog\/imagenes\/actualidad\/15M-YoSi-reu-002.jpg\" alt=\"\" width=\"700\" height=\"510\" \/><\/a><br \/>\n<a href=\"http:\/\/www.4ojos.com\/blog\/imagenes\/actualidad\/15M-YoSi-reu-003.jpg\"><img loading=\"lazy\" class=\"alignnone\" src=\"http:\/\/www.4ojos.com\/blog\/imagenes\/actualidad\/15M-YoSi-reu-003.jpg\" alt=\"\" width=\"700\" height=\"510\" \/><\/a><\/p>\n<p>\u2014\u2014\u2014\u2014\u2014\u2014\u2014\u2014\u2014\u2014\u2013<\/p>\n<p><strong>El libro de mis dibujos de la Acampada de Sol<\/strong><strong> p<a href=\"http:\/\/librosdeblur.blogspot.com\/2011\/07\/cuaderno-de-sol_12.html\" target=\"_blank\">uede verse \u00edntegro aqu\u00ed<\/a><a href=\"http:\/\/librosdeblur.blogspot.com\/2011\/07\/cuaderno-de-sol_12.html\" target=\"_blank\"> <\/a>.<\/strong><br \/>\nAqu\u00ed <a href=\"http:\/\/www.4ojos.com\/blog\/?tag=15m\" target=\"_blank\"><strong>pod\u00e9is ver\/descargar el resto de mis dibujos sobre el 15M<\/strong><\/a><strong><a href=\"http:\/\/www.4ojos.com\/blog\/?tag=15m\" target=\"_blank\"><strong>.<\/strong><\/a><\/strong><br \/>\n<a href=\"http:\/\/www.4ojos.com\/blog\/?page_id=53\" target=\"_blank\"><strong>Algo de eco de esta serie de dibujos.<\/strong><\/a><\/p>\n","protected":false},"excerpt":{"rendered":"<p>Imagino que est\u00e1is al tanto de la existencia del vergonzoso Real Decreto-Ley 16\/2012 que supone la exclusi\u00f3n de cientos de miles de personas del derecho a recibir atenci\u00f3n sanitaria. Ayer estuve reunido con la gente de YoS\u00ed, que promueve la objeci\u00f3n y desobeciencia del personal sanitario a esta infamia. M\u00e1s informaci\u00f3n en su completa web, [&hellip;]<\/p>\n","protected":false},"author":1,"featured_media":0,"comment_status":"open","ping_status":"open","sticky":false,"template":"","format":"standard","meta":{"ngg_post_thumbnail":0},"categories":[13],"tags":[208,78],"_links":{"self":[{"href":"https:\/\/www.4ojos.com\/blog\/index.php?rest_route=\/wp\/v2\/posts\/10110"}],"collection":[{"href":"https:\/\/www.4ojos.com\/blog\/index.php?rest_route=\/wp\/v2\/posts"}],"about":[{"href":"https:\/\/www.4ojos.com\/blog\/index.php?rest_route=\/wp\/v2\/types\/post"}],"author":[{"embeddable":true,"href":"https:\/\/www.4ojos.com\/blog\/index.php?rest_route=\/wp\/v2\/users\/1"}],"replies":[{"embeddable":true,"href":"https:\/\/www.4ojos.com\/blog\/index.php?rest_route=%2Fwp%2Fv2%2Fcomments&post=10110"}],"version-history":[{"count":3,"href":"https:\/\/www.4ojos.com\/blog\/index.php?rest_route=\/wp\/v2\/posts\/10110\/revisions"}],"predecessor-version":[{"id":10318,"href":"https:\/\/www.4ojos.com\/blog\/index.php?rest_route=\/wp\/v2\/posts\/10110\/revisions\/10318"}],"wp:attachment":[{"href":"https:\/\/www.4ojos.com\/blog\/index.php?rest_route=%2Fwp%2Fv2%2Fmedia&parent=10110"}],"wp:term":[{"taxonomy":"category","embeddable":true,"href":"https:\/\/www.4ojos.com\/blog\/index.php?rest_route=%2Fwp%2Fv2%2Fcategories&post=10110"},{"taxonomy":"post_tag","embeddable":true,"href":"https:\/\/www.4ojos.com\/blog\/index.php?rest_route=%2Fwp%2Fv2%2Ftags&post=10110"}],"curies":[{"name":"wp","href":"https:\/\/api.w.org\/{rel}","templated":true}]}}