{"id":9738,"date":"2013-02-17T18:31:39","date_gmt":"2013-02-17T16:31:39","guid":{"rendered":"http:\/\/www.4ojos.com\/blog\/?p=9738"},"modified":"2013-02-19T05:51:09","modified_gmt":"2013-02-19T03:51:09","slug":"stop-desahucios","status":"publish","type":"post","link":"http:\/\/www.4ojos.com\/blog\/?p=9738","title":{"rendered":"stop desahucios"},"content":{"rendered":"<p><a href=\"http:\/\/www.4ojos.com\/blog\/imagenes\/actualidad\/15M-stop-desahucios-mani001.jpg\"><img loading=\"lazy\" class=\"alignnone\" src=\"http:\/\/www.4ojos.com\/blog\/imagenes\/actualidad\/15M-stop-desahucios-mani001.jpg\" alt=\"\" width=\"700\" height=\"510\" \/> <\/a><\/p>\n<p>Ayer acud\u00ed junto a otros miles de buenas personas a la manifestaci\u00f3n por el derecho a una vivienda digna que promovi\u00f3 en Madrid la <strong><a href=\"http:\/\/www.afectadosporlahipoteca.com\/\" target=\"_blank\">Plataforma de afectados por las hipotecas<\/a><\/strong>. La reciente aceptaci\u00f3n a tr\u00e1mite de la Iniciativa Legistativa Popular que han presentado al Congreso casi dos millones de ciudadanos hace concebir esperanzas de que pueda pararse esta masacre, aunque creo que el gobierno volver\u00e1 a no escuchar lo que pide la calle.<\/p>\n<p>Mi amigo Josemar\u00eda tambi\u00e9n fue y<strong> <a href=\"http:\/\/extrangis.blogspot.com.es\/2013\/02\/vayase-senor-ladron.html\" target=\"_blank\">la dibuj\u00f3.<\/a><\/strong><\/p>\n<p>Fotos de Periodismo <strong>D<\/strong>igno, <a href=\"http:\/\/www.periodismodigno.org\/manifestacion-por-el-derecho-a-una-vivienda-digna-ilp-madrid\/\" target=\"_blank\"><strong>aqu\u00ed<\/strong><\/a><\/p>\n<p>Fotos de Doris Guti\u00e9rrez, <a href=\"http:\/\/www.flickr.com\/photos\/92340902@N02\/sets\/72157632783654126\/with\/8478993447\/\" target=\"_blank\"><strong>aqu\u00ed.<\/strong><\/a><\/p>\n<p><a href=\"http:\/\/www.4ojos.com\/blog\/imagenes\/actualidad\/15M-stop-desahucios-mani002.jpg\"><img loading=\"lazy\" class=\"alignnone\" src=\"http:\/\/www.4ojos.com\/blog\/imagenes\/actualidad\/15M-stop-desahucios-mani002.jpg\" alt=\"\" width=\"700\" height=\"510\" \/> <\/a><a href=\"http:\/\/www.4ojos.com\/blog\/imagenes\/actualidad\/15M-stop-desahucios-mani003.jpg\"><img loading=\"lazy\" class=\"alignnone\" src=\"http:\/\/www.4ojos.com\/blog\/imagenes\/actualidad\/15M-stop-desahucios-mani003.jpg\" alt=\"\" width=\"700\" height=\"510\" \/> <\/a><a href=\"http:\/\/www.4ojos.com\/blog\/imagenes\/actualidad\/15M-stop-desahucios-mani004.jpg\"><img loading=\"lazy\" class=\"alignnone\" src=\"http:\/\/www.4ojos.com\/blog\/imagenes\/actualidad\/15M-stop-desahucios-mani004.jpg\" alt=\"\" width=\"700\" height=\"510\" \/> <\/a><a href=\"http:\/\/www.4ojos.com\/blog\/imagenes\/actualidad\/15M-stop-desahucios-mani005.jpg\"><img loading=\"lazy\" class=\"alignnone\" src=\"http:\/\/www.4ojos.com\/blog\/imagenes\/actualidad\/15M-stop-desahucios-mani005.jpg\" alt=\"\" width=\"700\" height=\"510\" \/> <\/a><a href=\"http:\/\/www.4ojos.com\/blog\/imagenes\/actualidad\/15M-stop-desahucios-mani006.jpg\"><img loading=\"lazy\" class=\"alignnone\" src=\"http:\/\/www.4ojos.com\/blog\/imagenes\/actualidad\/15M-stop-desahucios-mani006.jpg\" alt=\"\" width=\"700\" height=\"510\" \/><\/a><\/p>\n<p>[youtube]http:\/\/www.youtube.com\/watch?v=wLspiwkeIx8[\/youtube]<br \/>\n[youtube]http:\/\/www.youtube.com\/watch?v=ohYCBTWoNRI[\/youtube]<\/p>\n<p>\u2014\u2014\u2014\u2014\u2014\u2014\u2014\u2014\u2014\u2014\u2013<\/p>\n<p><strong>El libro de mis dibujos de la Acampada de Sol<\/strong><strong> p<a href=\"http:\/\/librosdeblur.blogspot.com\/2011\/07\/cuaderno-de-sol_12.html\" target=\"_blank\">uede verse \u00edntegro aqu\u00ed<\/a><a href=\"http:\/\/librosdeblur.blogspot.com\/2011\/07\/cuaderno-de-sol_12.html\" target=\"_blank\"> <\/a>.<\/strong><br \/>\nAqu\u00ed <a href=\"http:\/\/www.4ojos.com\/blog\/?tag=15m\" target=\"_blank\"><strong>pod\u00e9is ver\/descargar el resto de mis dibujos sobre el 15M<\/strong><\/a><strong><a href=\"http:\/\/www.4ojos.com\/blog\/?tag=15m\" target=\"_blank\"><strong>.<\/strong><\/a><\/strong><br \/>\n<a href=\"http:\/\/www.4ojos.com\/blog\/?page_id=53\" target=\"_blank\"><strong>Algo de eco de esta serie de dibujos.<\/strong><\/a><\/p>\n","protected":false},"excerpt":{"rendered":"<p>Ayer acud\u00ed junto a otros miles de buenas personas a la manifestaci\u00f3n por el derecho a una vivienda digna que promovi\u00f3 en Madrid la Plataforma de afectados por las hipotecas. La reciente aceptaci\u00f3n a tr\u00e1mite de la Iniciativa Legistativa Popular que han presentado al Congreso casi dos millones de ciudadanos hace concebir esperanzas de que [&hellip;]<\/p>\n","protected":false},"author":1,"featured_media":0,"comment_status":"open","ping_status":"open","sticky":false,"template":"","format":"standard","meta":{"ngg_post_thumbnail":0},"categories":[13],"tags":[208,78,117],"_links":{"self":[{"href":"http:\/\/www.4ojos.com\/blog\/index.php?rest_route=\/wp\/v2\/posts\/9738"}],"collection":[{"href":"http:\/\/www.4ojos.com\/blog\/index.php?rest_route=\/wp\/v2\/posts"}],"about":[{"href":"http:\/\/www.4ojos.com\/blog\/index.php?rest_route=\/wp\/v2\/types\/post"}],"author":[{"embeddable":true,"href":"http:\/\/www.4ojos.com\/blog\/index.php?rest_route=\/wp\/v2\/users\/1"}],"replies":[{"embeddable":true,"href":"http:\/\/www.4ojos.com\/blog\/index.php?rest_route=%2Fwp%2Fv2%2Fcomments&post=9738"}],"version-history":[{"count":3,"href":"http:\/\/www.4ojos.com\/blog\/index.php?rest_route=\/wp\/v2\/posts\/9738\/revisions"}],"predecessor-version":[{"id":9749,"href":"http:\/\/www.4ojos.com\/blog\/index.php?rest_route=\/wp\/v2\/posts\/9738\/revisions\/9749"}],"wp:attachment":[{"href":"http:\/\/www.4ojos.com\/blog\/index.php?rest_route=%2Fwp%2Fv2%2Fmedia&parent=9738"}],"wp:term":[{"taxonomy":"category","embeddable":true,"href":"http:\/\/www.4ojos.com\/blog\/index.php?rest_route=%2Fwp%2Fv2%2Fcategories&post=9738"},{"taxonomy":"post_tag","embeddable":true,"href":"http:\/\/www.4ojos.com\/blog\/index.php?rest_route=%2Fwp%2Fv2%2Ftags&post=9738"}],"curies":[{"name":"wp","href":"https:\/\/api.w.org\/{rel}","templated":true}]}}