{"id":9562,"date":"2013-01-23T01:02:13","date_gmt":"2013-01-22T23:02:13","guid":{"rendered":"http:\/\/www.4ojos.com\/blog\/?p=9562"},"modified":"2013-01-23T03:06:09","modified_gmt":"2013-01-23T01:06:09","slug":"artivistas","status":"publish","type":"post","link":"http:\/\/www.4ojos.com\/blog\/?p=9562","title":{"rendered":"artivistas"},"content":{"rendered":"<p><img loading=\"lazy\" class=\"alignnone\" src=\"http:\/\/www.4ojos.com\/blog\/imagenes\/actualidad\/gila-charla-1.jpg\" alt=\"\" width=\"700\" height=\"510\" \/><br \/>\n<a href=\"http:\/\/www.4ojos.com\/blog\/imagenes\/actualidad\/gila-charla-2.jpg\"><img loading=\"lazy\" class=\"alignnone\" src=\"http:\/\/www.4ojos.com\/blog\/imagenes\/actualidad\/gila-charla-2.jpg\" alt=\"\" width=\"700\" height=\"510\" \/><\/a><\/p>\n<p>Esta tarde he estado en una charla sobre artivismo con <strong><a href=\"http:\/\/www.fotospanishrevolution.org\/Expos\/LaCorrala\/Martes22.aspx\" target=\"_blank\">Leo Bassi, Ayunta\u00f1ecos, Solf\u00f3nica y GILA.<\/a> <\/strong>Jajajajajaja<\/p>\n<p>Aqu\u00ed os dejo el programa de este ciclo organizado por Photo Spanish Revolution:<br \/>\n<a href=\"http:\/\/www.4ojos.com\/blog\/imagenes\/actualidad\/gila-charla-1.jpg\"><\/a><a href=\"http:\/\/www.4ojos.com\/blog\/imagenes\/varios\/ciclo-fotospanish.jpg\"><img loading=\"lazy\" class=\"alignnone\" src=\"http:\/\/www.4ojos.com\/blog\/imagenes\/varios\/ciclo-fotospanish.jpg\" alt=\"\" width=\"700\" height=\"494\" \/><\/a><\/p>\n","protected":false},"excerpt":{"rendered":"<p>Esta tarde he estado en una charla sobre artivismo con Leo Bassi, Ayunta\u00f1ecos, Solf\u00f3nica y GILA. Jajajajajaja Aqu\u00ed os dejo el programa de este ciclo organizado por Photo Spanish Revolution:<\/p>\n","protected":false},"author":1,"featured_media":0,"comment_status":"open","ping_status":"open","sticky":false,"template":"","format":"standard","meta":{"ngg_post_thumbnail":0},"categories":[9],"tags":[208,78],"_links":{"self":[{"href":"http:\/\/www.4ojos.com\/blog\/index.php?rest_route=\/wp\/v2\/posts\/9562"}],"collection":[{"href":"http:\/\/www.4ojos.com\/blog\/index.php?rest_route=\/wp\/v2\/posts"}],"about":[{"href":"http:\/\/www.4ojos.com\/blog\/index.php?rest_route=\/wp\/v2\/types\/post"}],"author":[{"embeddable":true,"href":"http:\/\/www.4ojos.com\/blog\/index.php?rest_route=\/wp\/v2\/users\/1"}],"replies":[{"embeddable":true,"href":"http:\/\/www.4ojos.com\/blog\/index.php?rest_route=%2Fwp%2Fv2%2Fcomments&post=9562"}],"version-history":[{"count":2,"href":"http:\/\/www.4ojos.com\/blog\/index.php?rest_route=\/wp\/v2\/posts\/9562\/revisions"}],"predecessor-version":[{"id":9566,"href":"http:\/\/www.4ojos.com\/blog\/index.php?rest_route=\/wp\/v2\/posts\/9562\/revisions\/9566"}],"wp:attachment":[{"href":"http:\/\/www.4ojos.com\/blog\/index.php?rest_route=%2Fwp%2Fv2%2Fmedia&parent=9562"}],"wp:term":[{"taxonomy":"category","embeddable":true,"href":"http:\/\/www.4ojos.com\/blog\/index.php?rest_route=%2Fwp%2Fv2%2Fcategories&post=9562"},{"taxonomy":"post_tag","embeddable":true,"href":"http:\/\/www.4ojos.com\/blog\/index.php?rest_route=%2Fwp%2Fv2%2Ftags&post=9562"}],"curies":[{"name":"wp","href":"https:\/\/api.w.org\/{rel}","templated":true}]}}