{"id":8792,"date":"2012-10-10T11:57:44","date_gmt":"2012-10-10T09:57:44","guid":{"rendered":"http:\/\/www.4ojos.com\/blog\/?p=8792"},"modified":"2012-10-10T13:35:53","modified_gmt":"2012-10-10T11:35:53","slug":"dibujando-el-mudejar-exposicion","status":"publish","type":"post","link":"http:\/\/www.4ojos.com\/blog\/?p=8792","title":{"rendered":"dibujando el mud\u00e9jar \/ exposici\u00f3n"},"content":{"rendered":"<p><a href=\"http:\/\/www.4ojos.com\/blog\/imagenes\/viajes\/aragon\/mudejar-expo.jpg\"><img loading=\"lazy\" class=\"alignnone\" src=\"http:\/\/www.4ojos.com\/blog\/imagenes\/viajes\/aragon\/mudejar-expo.jpg\" alt=\"\" width=\"700\" height=\"179\" \/><\/a><\/p>\n<p>Hoy se inaugura en Zaragoza a las 19,30 hrs. la exposici\u00f3n de los cuadernos producidos durante el curso &#8220;Dibujar el mud\u00e9jar&#8221;. Los cuadernos estar\u00e1n expuestos en donjuan14-espacio de arte desde el pr\u00f3ximo mi\u00e9rcoles hasta el domingo 21.<\/p>\n<p>Aqu\u00ed os dejo las entradas relacionadas con este taller:<\/p>\n<p><a href=\"http:\/\/www.4ojos.com\/blog\/?p=8731\" target=\"_blank\"><strong>El dia de dibujo en Tobed<\/strong><\/a><\/p>\n<p><a href=\"http:\/\/www.4ojos.com\/blog\/?p=8739\" target=\"_blank\"><strong>El dia de dibujo en Torralba de Ribota<\/strong><\/a><\/p>\n<p><a href=\"http:\/\/www.4ojos.com\/blog\/?p=8754\" target=\"_blank\"><strong>El dia de dibujo en Cervera de la Ca\u00f1ada<\/strong><\/a><\/p>\n<p><a href=\"http:\/\/www.4ojos.com\/blog\/?p=8742\" target=\"_blank\"><strong>El dia de dibujo en Ani\u00f1on<\/strong><\/a><\/p>\n<p><a href=\"http:\/\/www.4ojos.com\/blog\/?p=8709\" target=\"_blank\"><strong>Algunos de mis dibujos de los cuatro pueblos<\/strong><\/a><\/p>\n<p><strong><a href=\"http:\/\/www.4ojos.com\/blog\/?p=8700\" target=\"_blank\">La convocatoria y el cartel<\/a><br \/>\n<\/strong><\/p>\n","protected":false},"excerpt":{"rendered":"<p>Hoy se inaugura en Zaragoza a las 19,30 hrs. la exposici\u00f3n de los cuadernos producidos durante el curso &#8220;Dibujar el mud\u00e9jar&#8221;. Los cuadernos estar\u00e1n expuestos en donjuan14-espacio de arte desde el pr\u00f3ximo mi\u00e9rcoles hasta el domingo 21. Aqu\u00ed os dejo las entradas relacionadas con este taller: El dia de dibujo en Tobed El dia de [&hellip;]<\/p>\n","protected":false},"author":1,"featured_media":0,"comment_status":"open","ping_status":"open","sticky":false,"template":"","format":"standard","meta":{"ngg_post_thumbnail":0},"categories":[13],"tags":[78,200],"_links":{"self":[{"href":"http:\/\/www.4ojos.com\/blog\/index.php?rest_route=\/wp\/v2\/posts\/8792"}],"collection":[{"href":"http:\/\/www.4ojos.com\/blog\/index.php?rest_route=\/wp\/v2\/posts"}],"about":[{"href":"http:\/\/www.4ojos.com\/blog\/index.php?rest_route=\/wp\/v2\/types\/post"}],"author":[{"embeddable":true,"href":"http:\/\/www.4ojos.com\/blog\/index.php?rest_route=\/wp\/v2\/users\/1"}],"replies":[{"embeddable":true,"href":"http:\/\/www.4ojos.com\/blog\/index.php?rest_route=%2Fwp%2Fv2%2Fcomments&post=8792"}],"version-history":[{"count":3,"href":"http:\/\/www.4ojos.com\/blog\/index.php?rest_route=\/wp\/v2\/posts\/8792\/revisions"}],"predecessor-version":[{"id":8801,"href":"http:\/\/www.4ojos.com\/blog\/index.php?rest_route=\/wp\/v2\/posts\/8792\/revisions\/8801"}],"wp:attachment":[{"href":"http:\/\/www.4ojos.com\/blog\/index.php?rest_route=%2Fwp%2Fv2%2Fmedia&parent=8792"}],"wp:term":[{"taxonomy":"category","embeddable":true,"href":"http:\/\/www.4ojos.com\/blog\/index.php?rest_route=%2Fwp%2Fv2%2Fcategories&post=8792"},{"taxonomy":"post_tag","embeddable":true,"href":"http:\/\/www.4ojos.com\/blog\/index.php?rest_route=%2Fwp%2Fv2%2Ftags&post=8792"}],"curies":[{"name":"wp","href":"https:\/\/api.w.org\/{rel}","templated":true}]}}