{"id":8518,"date":"2012-09-06T21:41:03","date_gmt":"2012-09-06T19:41:03","guid":{"rendered":"http:\/\/www.4ojos.com\/blog\/?p=8518"},"modified":"2012-09-07T15:34:42","modified_gmt":"2012-09-07T13:34:42","slug":"merkel-go-home","status":"publish","type":"post","link":"http:\/\/www.4ojos.com\/blog\/?p=8518","title":{"rendered":"merkel go home"},"content":{"rendered":"<p><a href=\"http:\/\/www.4ojos.com\/blog\/imagenes\/actualidad\/15M-merkel-001.jpg\"><img loading=\"lazy\" class=\"alignnone\" src=\"http:\/\/www.4ojos.com\/blog\/imagenes\/actualidad\/15M-merkel-001.jpg\" alt=\"\" width=\"700\" height=\"359\" \/><\/a><\/p>\n<p>Esta tarde se ha celebrado una manifestaci\u00f3n contra Angela Merkel y la Troika en la puerta de la sede que la Uni\u00f3n Europea tiene en Madrid. Los que no hay\u00e1is podido ir pod\u00e9is ver la cobertura en v\u00eddeo,<a href=\"http:\/\/www.eldiario.es\/zonacritica\/2012\/09\/06\/manifestacion-contra-merkel-en-madrid\/\" target=\"_blank\"><strong> aqu\u00ed.<\/strong><\/a><\/p>\n<p>Los carteles que animaban a acudir a la protesta, obra de GILA,\u00a0 no pod\u00edan se m\u00e1s bonitos. Una buena galer\u00eda, <a href=\"http:\/\/www.escritoenlapared.com\/2012\/09\/gila-lunaresparamerkel.html\" target=\"_blank\"><strong>aqu\u00ed.<\/strong><\/a><\/p>\n<p><a href=\"http:\/\/www.4ojos.com\/blog\/imagenes\/actualidad\/15M-merkel-002.jpg\"><img loading=\"lazy\" class=\"alignnone\" src=\"http:\/\/www.4ojos.com\/blog\/imagenes\/actualidad\/15M-merkel-002.jpg\" alt=\"\" width=\"700\" height=\"359\" \/><\/a><br \/>\n<a href=\"http:\/\/www.4ojos.com\/blog\/imagenes\/actualidad\/15M-merkel-003.jpg\"><img loading=\"lazy\" class=\"alignnone\" src=\"http:\/\/www.4ojos.com\/blog\/imagenes\/actualidad\/15M-merkel-003.jpg\" alt=\"\" width=\"700\" height=\"359\" \/><\/a><br \/>\n<a href=\"http:\/\/www.4ojos.com\/blog\/imagenes\/actualidad\/15M-merkel-004.jpg\"><img loading=\"lazy\" class=\"alignnone\" src=\"http:\/\/www.4ojos.com\/blog\/imagenes\/actualidad\/15M-merkel-004.jpg\" alt=\"\" width=\"700\" height=\"359\" \/><\/a><\/p>\n","protected":false},"excerpt":{"rendered":"<p>Esta tarde se ha celebrado una manifestaci\u00f3n contra Angela Merkel y la Troika en la puerta de la sede que la Uni\u00f3n Europea tiene en Madrid. Los que no hay\u00e1is podido ir pod\u00e9is ver la cobertura en v\u00eddeo, aqu\u00ed. Los carteles que animaban a acudir a la protesta, obra de GILA,\u00a0 no pod\u00edan se m\u00e1s [&hellip;]<\/p>\n","protected":false},"author":1,"featured_media":0,"comment_status":"open","ping_status":"open","sticky":false,"template":"","format":"standard","meta":{"ngg_post_thumbnail":0},"categories":[12],"tags":[208,78,117],"_links":{"self":[{"href":"http:\/\/www.4ojos.com\/blog\/index.php?rest_route=\/wp\/v2\/posts\/8518"}],"collection":[{"href":"http:\/\/www.4ojos.com\/blog\/index.php?rest_route=\/wp\/v2\/posts"}],"about":[{"href":"http:\/\/www.4ojos.com\/blog\/index.php?rest_route=\/wp\/v2\/types\/post"}],"author":[{"embeddable":true,"href":"http:\/\/www.4ojos.com\/blog\/index.php?rest_route=\/wp\/v2\/users\/1"}],"replies":[{"embeddable":true,"href":"http:\/\/www.4ojos.com\/blog\/index.php?rest_route=%2Fwp%2Fv2%2Fcomments&post=8518"}],"version-history":[{"count":3,"href":"http:\/\/www.4ojos.com\/blog\/index.php?rest_route=\/wp\/v2\/posts\/8518\/revisions"}],"predecessor-version":[{"id":8527,"href":"http:\/\/www.4ojos.com\/blog\/index.php?rest_route=\/wp\/v2\/posts\/8518\/revisions\/8527"}],"wp:attachment":[{"href":"http:\/\/www.4ojos.com\/blog\/index.php?rest_route=%2Fwp%2Fv2%2Fmedia&parent=8518"}],"wp:term":[{"taxonomy":"category","embeddable":true,"href":"http:\/\/www.4ojos.com\/blog\/index.php?rest_route=%2Fwp%2Fv2%2Fcategories&post=8518"},{"taxonomy":"post_tag","embeddable":true,"href":"http:\/\/www.4ojos.com\/blog\/index.php?rest_route=%2Fwp%2Fv2%2Ftags&post=8518"}],"curies":[{"name":"wp","href":"https:\/\/api.w.org\/{rel}","templated":true}]}}