{"id":8293,"date":"2012-07-31T17:57:46","date_gmt":"2012-07-31T15:57:46","guid":{"rendered":"http:\/\/www.4ojos.com\/blog\/?p=8293"},"modified":"2012-07-31T20:47:51","modified_gmt":"2012-07-31T18:47:51","slug":"cine-de-verano","status":"publish","type":"post","link":"http:\/\/www.4ojos.com\/blog\/?p=8293","title":{"rendered":"cine de verano"},"content":{"rendered":"<p><a href=\"http:\/\/www.4ojos.com\/blog\/imagenes\/actualidad\/cine-de-verano-001.jpg\"><img loading=\"lazy\" class=\"alignnone\" src=\"http:\/\/www.4ojos.com\/blog\/imagenes\/actualidad\/cine-de-verano-001.jpg\" alt=\"\" width=\"700\" height=\"350\" \/><\/a><\/p>\n<p>Los vecinos de Madrid se divierten como pueden y en verano no faltan las oportunidades de ver gratis cine al aire libre. Esta tarde al caer el sol se proyecta &#8220;Un profeta&#8221; de Jacques Audiard en <a href=\"http:\/\/elcampodecebada.org\/?p=6230\" target=\"_blank\"><strong>El Campo de Cebada<\/strong><\/a>, un solar que fue una piscina y ahora est\u00e1 gestionado por los vecinos de Austrias.\u00a0 Ma\u00f1ana a la misma hora se proyectan &#8220;Soylent Green&#8221; y &#8220;Energ\u00edas limpias, negocios sucios&#8221; en <a href=\"http:\/\/estaesunaplaza.blogspot.com.es\" target=\"_blank\"><strong>&#8220;Esta es una plaza&#8221;<\/strong><\/a>, otro bonito experimento de huerto urbano en la calle Doctor Fourquet. A esta proyecci\u00f3n acudir\u00e1 el alcalde de Alburquerque (Badajoz), que lleva <a href=\"http:\/\/www.publico.es\/espana\/437158\/si-a-mi-me-pasa-algo-se-sabra-la-verdad-sobre-las-renovables\" target=\"_blank\"><strong>50 dias en huelga de hambre frente al ministerio de Industria<\/strong><\/a> para que revoquen el decreto que pone fin a la inversi\u00f3n en energ\u00edas renovables. Y el s\u00e1bado vuelve a haber cine en la Plaza de Xos\u00e9 Tarr\u00edo, en el cruce de Calvario y Ministriles. La programaci\u00f3n, <a href=\"http:\/\/madrid.indymedia.org\/node\/20928\" target=\"_blank\"><strong>aqu\u00ed.<\/strong><\/a><\/p>\n<p><a href=\"http:\/\/www.4ojos.com\/blog\/imagenes\/actualidad\/15M-cine-verano-5.jpg\"><img loading=\"lazy\" class=\"alignnone\" src=\"http:\/\/www.4ojos.com\/blog\/imagenes\/actualidad\/15M-cine-verano-5.jpg\" alt=\"\" width=\"700\" height=\"469\" \/><\/a><\/p>\n","protected":false},"excerpt":{"rendered":"<p>Los vecinos de Madrid se divierten como pueden y en verano no faltan las oportunidades de ver gratis cine al aire libre. Esta tarde al caer el sol se proyecta &#8220;Un profeta&#8221; de Jacques Audiard en El Campo de Cebada, un solar que fue una piscina y ahora est\u00e1 gestionado por los vecinos de Austrias.\u00a0 [&hellip;]<\/p>\n","protected":false},"author":1,"featured_media":0,"comment_status":"open","ping_status":"open","sticky":false,"template":"","format":"standard","meta":{"ngg_post_thumbnail":0},"categories":[13,12],"tags":[104,78],"_links":{"self":[{"href":"http:\/\/www.4ojos.com\/blog\/index.php?rest_route=\/wp\/v2\/posts\/8293"}],"collection":[{"href":"http:\/\/www.4ojos.com\/blog\/index.php?rest_route=\/wp\/v2\/posts"}],"about":[{"href":"http:\/\/www.4ojos.com\/blog\/index.php?rest_route=\/wp\/v2\/types\/post"}],"author":[{"embeddable":true,"href":"http:\/\/www.4ojos.com\/blog\/index.php?rest_route=\/wp\/v2\/users\/1"}],"replies":[{"embeddable":true,"href":"http:\/\/www.4ojos.com\/blog\/index.php?rest_route=%2Fwp%2Fv2%2Fcomments&post=8293"}],"version-history":[{"count":3,"href":"http:\/\/www.4ojos.com\/blog\/index.php?rest_route=\/wp\/v2\/posts\/8293\/revisions"}],"predecessor-version":[{"id":8297,"href":"http:\/\/www.4ojos.com\/blog\/index.php?rest_route=\/wp\/v2\/posts\/8293\/revisions\/8297"}],"wp:attachment":[{"href":"http:\/\/www.4ojos.com\/blog\/index.php?rest_route=%2Fwp%2Fv2%2Fmedia&parent=8293"}],"wp:term":[{"taxonomy":"category","embeddable":true,"href":"http:\/\/www.4ojos.com\/blog\/index.php?rest_route=%2Fwp%2Fv2%2Fcategories&post=8293"},{"taxonomy":"post_tag","embeddable":true,"href":"http:\/\/www.4ojos.com\/blog\/index.php?rest_route=%2Fwp%2Fv2%2Ftags&post=8293"}],"curies":[{"name":"wp","href":"https:\/\/api.w.org\/{rel}","templated":true}]}}