{"id":8173,"date":"2012-07-20T05:53:08","date_gmt":"2012-07-20T03:53:08","guid":{"rendered":"http:\/\/www.4ojos.com\/blog\/?p=8173"},"modified":"2012-07-24T02:45:52","modified_gmt":"2012-07-24T00:45:52","slug":"manifestacion-del-19-de-julio","status":"publish","type":"post","link":"http:\/\/www.4ojos.com\/blog\/?p=8173","title":{"rendered":"manifestaci\u00f3n del 19 de julio"},"content":{"rendered":"<p><a href=\"http:\/\/www.4ojos.com\/blog\/imagenes\/actualidad\/15M-mani19J12-001.jpg\"><img loading=\"lazy\" class=\"alignnone\" src=\"http:\/\/www.4ojos.com\/blog\/imagenes\/actualidad\/15M-mani19J12-001.jpg\" alt=\"\" width=\"700\" height=\"348\" \/><\/a><\/p>\n<p>Gran manifestaci\u00f3n la de hoy en Madrid contra los recortes del PP que, como no, termin\u00f3 como el rosario de la aurora con cargas en Sol, en el Congreso, en Tirso y en Lavapi\u00e9s. Al final, 14 detenidos y cuarentaypico heridos, \u00a1co\u00f1o ya!<\/p>\n<p>Fotos de Alvaro Minguito, <a href=\"http:\/\/www.flickr.com\/photos\/alvarominguito\/sets\/72157630657791904\/\" target=\"_blank\"><strong>aqu\u00ed<\/strong><\/a>. Fotos de los chicos de Fotogracci\u00f3n,<a href=\"http:\/\/fotograccion.org\/wp\/2012\/07\/fotos-manifestacion-19-julio-en-madrid\/\" target=\"_blank\"><strong> aqu\u00ed.<\/strong><\/a> Fotos de Ra\u00fal Cap\u00edn,<a href=\"https:\/\/www.facebook.com\/media\/set\/?set=a.329713910450789.79314.100002365492009&amp;type=1\" target=\"_blank\"><strong> aqu\u00ed<\/strong><\/a>. Fotos de Juan Mart\u00edn Zarza, <a href=\"https:\/\/www.facebook.com\/media\/set\/?set=a.3235891030756.106929.1671127620&amp;type=3\" target=\"_blank\"><strong>aqu\u00ed.<\/strong><\/a> Mis fotos, <a href=\"http:\/\/www.4ojos.com\/blog\/?p=8177\" target=\"_blank\"><strong>aqu\u00ed.<\/strong><\/a><\/p>\n<p><a href=\"http:\/\/www.4ojos.com\/blog\/imagenes\/actualidad\/15M-mani19J12-002.jpg\"><img loading=\"lazy\" class=\"alignnone\" src=\"http:\/\/www.4ojos.com\/blog\/imagenes\/actualidad\/15M-mani19J12-002.jpg\" alt=\"\" width=\"700\" height=\"348\" \/><\/a><br \/>\n<a href=\"http:\/\/www.4ojos.com\/blog\/imagenes\/actualidad\/15M-mani19J12-003.jpg\"><img loading=\"lazy\" class=\"alignnone\" src=\"http:\/\/www.4ojos.com\/blog\/imagenes\/actualidad\/15M-mani19J12-003.jpg\" alt=\"\" width=\"700\" height=\"348\" \/><\/a><br \/>\n<a href=\"http:\/\/www.4ojos.com\/blog\/imagenes\/actualidad\/15M-mani19J12-004.jpg\"><img loading=\"lazy\" class=\"alignnone\" src=\"http:\/\/www.4ojos.com\/blog\/imagenes\/actualidad\/15M-mani19J12-004.jpg\" alt=\"\" width=\"700\" height=\"348\" \/><\/a><br \/>\n<a href=\"http:\/\/www.4ojos.com\/blog\/imagenes\/actualidad\/15M-mani19J12-005.jpg\"><img loading=\"lazy\" class=\"alignnone\" src=\"http:\/\/www.4ojos.com\/blog\/imagenes\/actualidad\/15M-mani19J12-005.jpg\" alt=\"\" width=\"700\" height=\"348\" \/><\/a><br \/>\n<a href=\"http:\/\/www.4ojos.com\/blog\/imagenes\/actualidad\/15M-mani19J12-006.jpg\"><img loading=\"lazy\" class=\"alignnone\" src=\"http:\/\/www.4ojos.com\/blog\/imagenes\/actualidad\/15M-mani19J12-006.jpg\" alt=\"\" width=\"700\" height=\"348\" \/><\/a><br \/>\n<a href=\"http:\/\/www.4ojos.com\/blog\/imagenes\/actualidad\/15M-mani19J12-007.jpg\"><img loading=\"lazy\" class=\"alignnone\" src=\"http:\/\/www.4ojos.com\/blog\/imagenes\/actualidad\/15M-mani19J12-007.jpg\" alt=\"\" width=\"700\" height=\"348\" \/><\/a><\/p>\n<p>De propina, para los que os lo perd\u00edsteis, uno de los momentos especiales del d\u00eda, cuando cuatro sindicalistas de CGT dejaron caer desde la terraza del Ayuntamiento una pancarta con un &#8220;Que se jodan ellos&#8221; gigante.<br \/>\n[youtube]http:\/\/www.youtube.com\/watch?v=U8M9Fpd_fkw[\/youtube]<\/p>\n<p>&#8212;&#8212;&#8212;&#8212;&#8212;&#8212;&#8212;&#8212;&#8212;&#8212;&#8212;&#8212;&#8212;&#8212;&#8212;&#8212;&#8212;&#8212;&#8212;&#8212;&#8212;&#8212;&#8212;&#8212;&#8212;&#8212;&#8212;&#8212;&#8212;&#8212;&#8212;&#8212;&#8212;&#8212;<\/p>\n<p><strong>El libro de mis dibujos de la Acampada de Sol<\/strong><strong> p<a href=\"http:\/\/librosdeblur.blogspot.com\/2011\/07\/cuaderno-de-sol_12.html\" target=\"_blank\">uede verse \u00edntegro aqu\u00ed<\/a><a href=\"http:\/\/librosdeblur.blogspot.com\/2011\/07\/cuaderno-de-sol_12.html\" target=\"_blank\"> <\/a>.<\/strong><br \/>\nAqu\u00ed <a href=\"http:\/\/www.4ojos.com\/blog\/?tag=15m\" target=\"_blank\"><strong>pod\u00e9is ver\/descargar el resto de mis dibujos sobre el 15M<\/strong><\/a><strong><a href=\"http:\/\/www.4ojos.com\/blog\/?tag=15m\" target=\"_blank\"><strong>.<\/strong><\/a><\/strong><br \/>\n<a href=\"http:\/\/www.4ojos.com\/blog\/?page_id=53\" target=\"_blank\"><strong>Algo de eco de esta serie de dibujos.<\/strong><\/a><\/p>\n","protected":false},"excerpt":{"rendered":"<p>Gran manifestaci\u00f3n la de hoy en Madrid contra los recortes del PP que, como no, termin\u00f3 como el rosario de la aurora con cargas en Sol, en el Congreso, en Tirso y en Lavapi\u00e9s. Al final, 14 detenidos y cuarentaypico heridos, \u00a1co\u00f1o ya! Fotos de Alvaro Minguito, aqu\u00ed. Fotos de los chicos de Fotogracci\u00f3n, aqu\u00ed. [&hellip;]<\/p>\n","protected":false},"author":1,"featured_media":0,"comment_status":"open","ping_status":"open","sticky":false,"template":"","format":"standard","meta":{"ngg_post_thumbnail":0},"categories":[13],"tags":[208,78,117],"_links":{"self":[{"href":"http:\/\/www.4ojos.com\/blog\/index.php?rest_route=\/wp\/v2\/posts\/8173"}],"collection":[{"href":"http:\/\/www.4ojos.com\/blog\/index.php?rest_route=\/wp\/v2\/posts"}],"about":[{"href":"http:\/\/www.4ojos.com\/blog\/index.php?rest_route=\/wp\/v2\/types\/post"}],"author":[{"embeddable":true,"href":"http:\/\/www.4ojos.com\/blog\/index.php?rest_route=\/wp\/v2\/users\/1"}],"replies":[{"embeddable":true,"href":"http:\/\/www.4ojos.com\/blog\/index.php?rest_route=%2Fwp%2Fv2%2Fcomments&post=8173"}],"version-history":[{"count":8,"href":"http:\/\/www.4ojos.com\/blog\/index.php?rest_route=\/wp\/v2\/posts\/8173\/revisions"}],"predecessor-version":[{"id":8245,"href":"http:\/\/www.4ojos.com\/blog\/index.php?rest_route=\/wp\/v2\/posts\/8173\/revisions\/8245"}],"wp:attachment":[{"href":"http:\/\/www.4ojos.com\/blog\/index.php?rest_route=%2Fwp%2Fv2%2Fmedia&parent=8173"}],"wp:term":[{"taxonomy":"category","embeddable":true,"href":"http:\/\/www.4ojos.com\/blog\/index.php?rest_route=%2Fwp%2Fv2%2Fcategories&post=8173"},{"taxonomy":"post_tag","embeddable":true,"href":"http:\/\/www.4ojos.com\/blog\/index.php?rest_route=%2Fwp%2Fv2%2Ftags&post=8173"}],"curies":[{"name":"wp","href":"https:\/\/api.w.org\/{rel}","templated":true}]}}