{"id":7,"date":"2007-12-12T09:13:28","date_gmt":"2007-12-12T08:13:28","guid":{"rendered":"http:\/\/www.4ojos.com\/blog\/index.php\/la-cuarta-pagina\/"},"modified":"2008-01-13T03:01:06","modified_gmt":"2008-01-13T02:01:06","slug":"la-cuarta-pagina","status":"publish","type":"post","link":"http:\/\/www.4ojos.com\/blog\/?p=7","title":{"rendered":"la cuarta p\u00e1gina"},"content":{"rendered":"<p><img src=\"http:\/\/www.4ojos.com\/blog\/imagenes\/prensa\/el-pais\/el%20pais-la%20cuarta%20pagina-nuevos%20esclavos-13-12-07.jpg\" \/><\/p>\n<p>&#8220;Nuevos esclavos&#8221; por Angeles Espinosa 13\/12\/07<\/p>\n<p><img loading=\"lazy\" src=\"http:\/\/www.4ojos.com\/blog\/imagenes\/prensa\/el-pais\/el-pais-la-cuarta-pagina-camus.jpg\" height=\"781\" width=\"500\" \/><\/p>\n<p>&#8220;<a href=\"http:\/\/www.elpais.com\/articulo\/opinion\/Camus\/contemporaneo\/elpporopi\/20071207elpepiopi_11\/Tes\" set=\"yes\" class=\"a12b003\">Camus, nuestro contempor\u00e1neo<\/a>&#8221; por Jean Daniel 7\/12\/07<\/p>\n<p><img loading=\"lazy\" src=\"http:\/\/www.4ojos.com\/blog\/imagenes\/prensa\/el-pais\/el-pais-la-cuarta-pagina-fr.jpg\" height=\"784\" width=\"500\" \/><\/p>\n<p>&#8220;Francia despu\u00e9s de la batalla&#8221; por Pascal Bruckner 5\/12\/07<\/p>\n<p><img loading=\"lazy\" src=\"http:\/\/www.4ojos.com\/blog\/imagenes\/prensa\/el-pais\/el-pais-la-cuarta-pagina-po.jpg\" height=\"799\" width=\"500\" \/><\/p>\n<p>&#8220;<a href=\"http:\/\/www.elpais.com\/articulo\/opinion\/callan\/elpporopi\/20071129elpepiopi_12\/Tes\" set=\"yes\" class=\"a12b003\">\u00bfPor qu\u00e9 no se callan?<\/a> &#8221; por Paul Kennedy 29\/11\/07<\/p>\n<p><img loading=\"lazy\" src=\"http:\/\/www.4ojos.com\/blog\/imagenes\/prensa\/el-pais\/el-pais-la-cuarta-pagina-ir.jpg\" height=\"744\" width=\"500\" \/><\/p>\n<p>&#8220;<a href=\"http:\/\/www.elpais.com\/articulo\/opinion\/mundo\/puede\/vivir\/Iran\/nuclear\/elpporopi\/20071128elpepiopi_11\/Tes\" set=\"yes\" class=\"a12b003\">El mundo puede vivir con un Ir\u00e1n nuclear<\/a>&#8221; por Martin Van Creveld 28\/11\/07<\/p>\n<p><img loading=\"lazy\" src=\"http:\/\/www.4ojos.com\/blog\/imagenes\/prensa\/el-pais\/el%20pais-la%20cuarta%20pagina-izquierda%20sin%20crisis-25-11-07.jpg\" height=\"802\" width=\"500\" \/><\/p>\n<p>&#8220;La izquierda sin crisis&#8221; por Jose Mar\u00eda Ridao 25\/11\/07<\/p>\n<p><img loading=\"lazy\" src=\"http:\/\/www.4ojos.com\/blog\/imagenes\/prensa\/el-pais\/el-pais-la-cuarta-pagina-ho.jpg\" height=\"845\" width=\"500\" \/><\/p>\n<p>&#8220;<a href=\"http:\/\/www.elpais.com\/articulo\/opinion\/hombre\/odiaba\/silencio\/elpporopi\/20071119elpepiopi_10\/Tes\" set=\"yes\" class=\"a12b003\">El hombre que odiaba el silencio<\/a> &#8221; por Miguel Angel Bastenier 19\/11\/07<\/p>\n<p><img loading=\"lazy\" src=\"http:\/\/www.4ojos.com\/blog\/imagenes\/prensa\/el-pais\/el-pais-la-cuarta-pagina-de.jpg\" height=\"784\" width=\"500\" \/><\/p>\n<p>&#8220;Palestinos detr\u00e1s de las murallas&#8221; por Marcelo Figueras16\/11\/07<\/p>\n<p><img loading=\"lazy\" src=\"http:\/\/www.4ojos.com\/blog\/imagenes\/prensa\/el-pais\/el-pais-la-cuarta-pagina-iz.jpg\" height=\"712\" width=\"500\" \/><\/p>\n<p>&#8220;El poder decisorio de la izquierda vol\u00e1til&#8221; por C\u00e9sar Molinas 11\/11\/07<\/p>\n<p><img loading=\"lazy\" src=\"http:\/\/www.4ojos.com\/blog\/imagenes\/prensa\/el-pais\/el-pais-la-cuarta-pagina-za.jpg\" height=\"733\" width=\"500\" \/><\/p>\n<p>&#8220;<a href=\"http:\/\/www.elpais.com\/articulo\/opinion\/Zapatero\/Sarkozy\/elpepiopi\/20071110elpepiopi_11\/Tes\" set=\"yes\" class=\"a12b003\">Zapatero ante Sarkozy<\/a> &#8221; por Xavier Vidal Folch 10\/11\/07<\/p>\n<p>El pasado diez de noviembre comenc\u00e9 una serie de colaboraciones con el diario El Pais que, desgraciadamente, no est\u00e1n visibles en su sitio web. Aparezco con una periodicidad m\u00e1s o menos semanal y all\u00ed alterno mis dibujos con los de Ver\u00f3nica Rubio, <a href=\"http:\/\/www.elpais.com\/articulo\/pais\/vasco\/Tomas\/Ondarra\/recuerda\/imagenes\/singularidades\/Bilbao\/crecio\/elpepiautpvs\/20061003elpvas_12\/Tes\/\" target=\"_blank\">Tom\u00e1s Ondarra<\/a>, <a href=\"http:\/\/eulogiaeulogia.port5.com\/\" target=\"_blank\">Eulogia Merl\u00e9<\/a> y <a href=\"http:\/\/www.fernandovicente.es\/\" target=\"_blank\">Fernando Vicente<\/a>.<\/p>\n","protected":false},"excerpt":{"rendered":"<p>&#8220;Nuevos esclavos&#8221; por Angeles Espinosa 13\/12\/07 &#8220;Camus, nuestro contempor\u00e1neo&#8221; por Jean Daniel 7\/12\/07 &#8220;Francia despu\u00e9s de la batalla&#8221; por Pascal Bruckner 5\/12\/07 &#8220;\u00bfPor qu\u00e9 no se callan? &#8221; por Paul Kennedy 29\/11\/07 &#8220;El mundo puede vivir con un Ir\u00e1n nuclear&#8221; por Martin Van Creveld 28\/11\/07 &#8220;La izquierda sin crisis&#8221; por Jose Mar\u00eda Ridao 25\/11\/07 &#8220;El [&hellip;]<\/p>\n","protected":false},"author":1,"featured_media":0,"comment_status":"open","ping_status":"open","sticky":false,"template":"","format":"standard","meta":{"ngg_post_thumbnail":0},"categories":[13],"tags":[16],"_links":{"self":[{"href":"http:\/\/www.4ojos.com\/blog\/index.php?rest_route=\/wp\/v2\/posts\/7"}],"collection":[{"href":"http:\/\/www.4ojos.com\/blog\/index.php?rest_route=\/wp\/v2\/posts"}],"about":[{"href":"http:\/\/www.4ojos.com\/blog\/index.php?rest_route=\/wp\/v2\/types\/post"}],"author":[{"embeddable":true,"href":"http:\/\/www.4ojos.com\/blog\/index.php?rest_route=\/wp\/v2\/users\/1"}],"replies":[{"embeddable":true,"href":"http:\/\/www.4ojos.com\/blog\/index.php?rest_route=%2Fwp%2Fv2%2Fcomments&post=7"}],"version-history":[{"count":0,"href":"http:\/\/www.4ojos.com\/blog\/index.php?rest_route=\/wp\/v2\/posts\/7\/revisions"}],"wp:attachment":[{"href":"http:\/\/www.4ojos.com\/blog\/index.php?rest_route=%2Fwp%2Fv2%2Fmedia&parent=7"}],"wp:term":[{"taxonomy":"category","embeddable":true,"href":"http:\/\/www.4ojos.com\/blog\/index.php?rest_route=%2Fwp%2Fv2%2Fcategories&post=7"},{"taxonomy":"post_tag","embeddable":true,"href":"http:\/\/www.4ojos.com\/blog\/index.php?rest_route=%2Fwp%2Fv2%2Ftags&post=7"}],"curies":[{"name":"wp","href":"https:\/\/api.w.org\/{rel}","templated":true}]}}