{"id":6223,"date":"2011-09-24T20:41:29","date_gmt":"2011-09-24T18:41:29","guid":{"rendered":"http:\/\/www.4ojos.com\/blog\/?p=6223"},"modified":"2011-09-26T13:46:30","modified_gmt":"2011-09-26T11:46:30","slug":"kukutza","status":"publish","type":"post","link":"http:\/\/www.4ojos.com\/blog\/?p=6223","title":{"rendered":"kukutza"},"content":{"rendered":"<p>[youtube]http:\/\/www.youtube.com\/watch?v=e2VieT5ksyo[\/youtube]<\/p>\n<p>Para quienes no lo conoci\u00e9rais, as\u00ed era el centro cultural <a href=\"https:\/\/www.facebook.com\/#%21\/pages\/kukutza-III-gaztetxea\/217838076118\" target=\"_blank\"><strong>Kukutza<\/strong><\/a> que unos pol\u00edticos ciegos y cerriles <a href=\"http:\/\/kukutza.blogspot.com\/2011\/09\/denok-kukutzara-eraustea-konfirmatu.html\" target=\"_blank\"><strong>demolieron antesdeayer<\/strong><\/a> en Bilbao tras 13 a\u00f1os de actividades.<\/p>\n<p>V\u00eddeos y fotos del vergonzoso desalojo en <a href=\"http:\/\/nuestravidaloca.wordpress.com\/2011\/09\/21\/bilbao-desalojo-del-gaztetxe-kukutza-iii-en-rekalde-videos-fotos-entrevistas\/\" target=\"_blank\"><strong>Nuestra Vida Loca<\/strong><\/a><\/p>\n","protected":false},"excerpt":{"rendered":"<p>[youtube]http:\/\/www.youtube.com\/watch?v=e2VieT5ksyo[\/youtube] Para quienes no lo conoci\u00e9rais, as\u00ed era el centro cultural Kukutza que unos pol\u00edticos ciegos y cerriles demolieron antesdeayer en Bilbao tras 13 a\u00f1os de actividades. V\u00eddeos y fotos del vergonzoso desalojo en Nuestra Vida Loca<\/p>\n","protected":false},"author":1,"featured_media":0,"comment_status":"open","ping_status":"open","sticky":false,"template":"","format":"standard","meta":{"ngg_post_thumbnail":0},"categories":[9],"tags":[117],"_links":{"self":[{"href":"http:\/\/www.4ojos.com\/blog\/index.php?rest_route=\/wp\/v2\/posts\/6223"}],"collection":[{"href":"http:\/\/www.4ojos.com\/blog\/index.php?rest_route=\/wp\/v2\/posts"}],"about":[{"href":"http:\/\/www.4ojos.com\/blog\/index.php?rest_route=\/wp\/v2\/types\/post"}],"author":[{"embeddable":true,"href":"http:\/\/www.4ojos.com\/blog\/index.php?rest_route=\/wp\/v2\/users\/1"}],"replies":[{"embeddable":true,"href":"http:\/\/www.4ojos.com\/blog\/index.php?rest_route=%2Fwp%2Fv2%2Fcomments&post=6223"}],"version-history":[{"count":3,"href":"http:\/\/www.4ojos.com\/blog\/index.php?rest_route=\/wp\/v2\/posts\/6223\/revisions"}],"predecessor-version":[{"id":6248,"href":"http:\/\/www.4ojos.com\/blog\/index.php?rest_route=\/wp\/v2\/posts\/6223\/revisions\/6248"}],"wp:attachment":[{"href":"http:\/\/www.4ojos.com\/blog\/index.php?rest_route=%2Fwp%2Fv2%2Fmedia&parent=6223"}],"wp:term":[{"taxonomy":"category","embeddable":true,"href":"http:\/\/www.4ojos.com\/blog\/index.php?rest_route=%2Fwp%2Fv2%2Fcategories&post=6223"},{"taxonomy":"post_tag","embeddable":true,"href":"http:\/\/www.4ojos.com\/blog\/index.php?rest_route=%2Fwp%2Fv2%2Ftags&post=6223"}],"curies":[{"name":"wp","href":"https:\/\/api.w.org\/{rel}","templated":true}]}}