{"id":5699,"date":"2011-07-02T14:21:09","date_gmt":"2011-07-02T12:21:09","guid":{"rendered":"http:\/\/www.4ojos.com\/blog\/?p=5699"},"modified":"2011-07-06T18:38:53","modified_gmt":"2011-07-06T16:38:53","slug":"expo-en-paris","status":"publish","type":"post","link":"http:\/\/www.4ojos.com\/blog\/?p=5699","title":{"rendered":"expo en Paris"},"content":{"rendered":"<p><a href=\"http:\/\/www.4ojos.com\/blog\/imagenes\/varios\/expo-delignesenligne.jpg\"><img loading=\"lazy\" class=\"alignnone\" src=\"http:\/\/www.4ojos.com\/blog\/imagenes\/varios\/expo-delignesenligne.jpg\" alt=\"\" width=\"700\" height=\"705\" \/><\/a><\/p>\n<p>El pr\u00f3ximo 6 de julio se inaugura en la <a href=\"http:\/\/www.danielmaghen.com\" target=\"_blank\"><strong>Galer\u00eda Daniel Maghen<\/strong><\/a> de Paris una exposici\u00f3n colectiva de dibujos hechos en el metro de Par\u00eds por el grupo <a href=\"http:\/\/www.delignesenligne.com\/\" target=\"_blank\"><strong>Croqueurs de ligne<\/strong><\/a>  a la que contribuyo con dos dibujos.<br \/>\nSi os apetece daros un salto, la galer\u00eda est\u00e1 en 47, quai des grands augustins. M\u00e9tro St Michel\n<\/p>\n<p><a href=\"http:\/\/www.danielmaghen.com\/fr\/exposition-thematique-sur-le-metro-parisien_e56.htm\"><strong>Todas las obras expuestas, aqu\u00ed.<\/strong><\/a><\/p>\n","protected":false},"excerpt":{"rendered":"<p>El pr\u00f3ximo 6 de julio se inaugura en la Galer\u00eda Daniel Maghen de Paris una exposici\u00f3n colectiva de dibujos hechos en el metro de Par\u00eds por el grupo Croqueurs de ligne a la que contribuyo con dos dibujos. Si os apetece daros un salto, la galer\u00eda est\u00e1 en 47, quai des grands augustins. M\u00e9tro St [&hellip;]<\/p>\n","protected":false},"author":1,"featured_media":0,"comment_status":"open","ping_status":"open","sticky":false,"template":"","format":"standard","meta":{"ngg_post_thumbnail":0},"categories":[13],"tags":[],"_links":{"self":[{"href":"http:\/\/www.4ojos.com\/blog\/index.php?rest_route=\/wp\/v2\/posts\/5699"}],"collection":[{"href":"http:\/\/www.4ojos.com\/blog\/index.php?rest_route=\/wp\/v2\/posts"}],"about":[{"href":"http:\/\/www.4ojos.com\/blog\/index.php?rest_route=\/wp\/v2\/types\/post"}],"author":[{"embeddable":true,"href":"http:\/\/www.4ojos.com\/blog\/index.php?rest_route=\/wp\/v2\/users\/1"}],"replies":[{"embeddable":true,"href":"http:\/\/www.4ojos.com\/blog\/index.php?rest_route=%2Fwp%2Fv2%2Fcomments&post=5699"}],"version-history":[{"count":6,"href":"http:\/\/www.4ojos.com\/blog\/index.php?rest_route=\/wp\/v2\/posts\/5699\/revisions"}],"predecessor-version":[{"id":5740,"href":"http:\/\/www.4ojos.com\/blog\/index.php?rest_route=\/wp\/v2\/posts\/5699\/revisions\/5740"}],"wp:attachment":[{"href":"http:\/\/www.4ojos.com\/blog\/index.php?rest_route=%2Fwp%2Fv2%2Fmedia&parent=5699"}],"wp:term":[{"taxonomy":"category","embeddable":true,"href":"http:\/\/www.4ojos.com\/blog\/index.php?rest_route=%2Fwp%2Fv2%2Fcategories&post=5699"},{"taxonomy":"post_tag","embeddable":true,"href":"http:\/\/www.4ojos.com\/blog\/index.php?rest_route=%2Fwp%2Fv2%2Ftags&post=5699"}],"curies":[{"name":"wp","href":"https:\/\/api.w.org\/{rel}","templated":true}]}}