{"id":5560,"date":"2011-06-18T18:32:43","date_gmt":"2011-06-18T16:32:43","guid":{"rendered":"http:\/\/www.4ojos.com\/blog\/?p=5560"},"modified":"2011-06-20T14:30:17","modified_gmt":"2011-06-20T12:30:17","slug":"contra-el-pacto-del-euro","status":"publish","type":"post","link":"http:\/\/www.4ojos.com\/blog\/?p=5560","title":{"rendered":"contra el pacto del euro"},"content":{"rendered":"<p><a href=\"http:\/\/www.4ojos.com\/blog\/imagenes\/actualidad\/19J-marcha.jpg\"><img loading=\"lazy\" src=\"http:\/\/www.4ojos.com\/blog\/imagenes\/actualidad\/19J-marcha.jpg\" alt=\"\" width=\"700\" height=\"1815&quot;\" \/><\/a><\/p>\n<p><a href=\"http:\/\/www.escolar.net\/MT\/archives\/2011\/06\/no-al-pacto-del-euro.html\" target=\"_blank\"><strong>Escolar explica aqu\u00ed<\/strong><\/a> mejor que yo por qu\u00e9 marcharemos ma\u00f1ana, pac\u00edficamente como siempre, en Madrid.<\/p>\n<p>Arriba, cartel de autor an\u00f3nimo que puede verse en la Puerta del Sol. Abajo, la interpretaci\u00f3n de un buen dise\u00f1ador gr\u00e1fico, mi amigo Gustavo (gracias por el esfuerzo).<\/p>\n<p>El resto de los dibujos que voy haciendo en Sol, ordenados cronol\u00f3gicamente desde la manifestaci\u00f3n del 15M,<strong> en <a href=\"http:\/\/www.4ojos.com\/blog\/?tag=15m\" target=\"_blank\"><strong>este enlace.<\/strong><\/a><\/strong> Clica en las im\u00e1genes para ampliarlas.<\/p>\n<p>+info<\/p>\n<ul>\n<li><a href=\"http:\/\/www.tomalaplaza.net\/\" target=\"_blank\"><strong>web<\/strong><\/a><\/li>\n<li><strong><a href=\"http:\/\/madrid.tomalaplaza.net\/\" target=\"_blank\"><strong>b<\/strong><\/a><\/strong><a href=\"http:\/\/madrid.tomalaplaza.net\/\" target=\"_blank\"><strong>log<\/strong><\/a><\/li>\n<li><a href=\"http:\/\/tomalosbarrios.net\/\" target=\"_blank\"><strong>asambleas de barrios<\/strong> <\/a><\/li>\n<li><a href=\"https:\/\/www.facebook.com\/#%21\/home.php?sk=group_171759479548890\" target=\"_blank\"><strong>facebook <\/strong><\/a><\/li>\n<li><strong><a href=\"https:\/\/twitter.com\/#%21\/search?q=%23nonosvamos\" target=\"_blank\">#nonosvamos<\/a>, <\/strong><\/li>\n<li><strong> <a href=\"https:\/\/twitter.com\/#%21\/search?q=%23acampadasol\" target=\"_blank\">#acampadasol<\/a> <\/strong><\/li>\n<li><strong> <a href=\"https:\/\/twitter.com\/#%21\/search?q=%23tomalaplaza\" target=\"_blank\">#tomalaplaza<\/a><\/strong><\/li>\n<\/ul>\n","protected":false},"excerpt":{"rendered":"<p>Escolar explica aqu\u00ed mejor que yo por qu\u00e9 marcharemos ma\u00f1ana, pac\u00edficamente como siempre, en Madrid. Arriba, cartel de autor an\u00f3nimo que puede verse en la Puerta del Sol. Abajo, la interpretaci\u00f3n de un buen dise\u00f1ador gr\u00e1fico, mi amigo Gustavo (gracias por el esfuerzo). El resto de los dibujos que voy haciendo en Sol, ordenados cronol\u00f3gicamente [&hellip;]<\/p>\n","protected":false},"author":1,"featured_media":0,"comment_status":"open","ping_status":"open","sticky":false,"template":"","format":"standard","meta":{"ngg_post_thumbnail":0},"categories":[12],"tags":[208,158,117],"_links":{"self":[{"href":"http:\/\/www.4ojos.com\/blog\/index.php?rest_route=\/wp\/v2\/posts\/5560"}],"collection":[{"href":"http:\/\/www.4ojos.com\/blog\/index.php?rest_route=\/wp\/v2\/posts"}],"about":[{"href":"http:\/\/www.4ojos.com\/blog\/index.php?rest_route=\/wp\/v2\/types\/post"}],"author":[{"embeddable":true,"href":"http:\/\/www.4ojos.com\/blog\/index.php?rest_route=\/wp\/v2\/users\/1"}],"replies":[{"embeddable":true,"href":"http:\/\/www.4ojos.com\/blog\/index.php?rest_route=%2Fwp%2Fv2%2Fcomments&post=5560"}],"version-history":[{"count":5,"href":"http:\/\/www.4ojos.com\/blog\/index.php?rest_route=\/wp\/v2\/posts\/5560\/revisions"}],"predecessor-version":[{"id":5566,"href":"http:\/\/www.4ojos.com\/blog\/index.php?rest_route=\/wp\/v2\/posts\/5560\/revisions\/5566"}],"wp:attachment":[{"href":"http:\/\/www.4ojos.com\/blog\/index.php?rest_route=%2Fwp%2Fv2%2Fmedia&parent=5560"}],"wp:term":[{"taxonomy":"category","embeddable":true,"href":"http:\/\/www.4ojos.com\/blog\/index.php?rest_route=%2Fwp%2Fv2%2Fcategories&post=5560"},{"taxonomy":"post_tag","embeddable":true,"href":"http:\/\/www.4ojos.com\/blog\/index.php?rest_route=%2Fwp%2Fv2%2Ftags&post=5560"}],"curies":[{"name":"wp","href":"https:\/\/api.w.org\/{rel}","templated":true}]}}