{"id":5499,"date":"2011-06-08T03:38:58","date_gmt":"2011-06-08T01:38:58","guid":{"rendered":"http:\/\/www.4ojos.com\/blog\/?p=5499"},"modified":"2011-06-08T07:11:47","modified_gmt":"2011-06-08T05:11:47","slug":"acampada-sol-dia-23","status":"publish","type":"post","link":"http:\/\/www.4ojos.com\/blog\/?p=5499","title":{"rendered":"acampada sol, dia 23"},"content":{"rendered":"<p><a href=\"http:\/\/www.4ojos.com\/blog\/imagenes\/actualidad\/acampada-sol-115.jpg\"><img loading=\"lazy\" class=\"alignnone\" src=\"http:\/\/www.4ojos.com\/blog\/imagenes\/actualidad\/acampada-sol-115.jpg\" alt=\"\" width=\"700\" height=\"509\" \/><\/a><br \/>\n<a href=\"http:\/\/www.4ojos.com\/blog\/imagenes\/actualidad\/acampada-sol-116.jpg\"><img loading=\"lazy\" class=\"alignnone\" src=\"http:\/\/www.4ojos.com\/blog\/imagenes\/actualidad\/acampada-sol-116.jpg\" alt=\"\" width=\"700\" height=\"509\" \/><\/a><br \/>\n<a href=\"http:\/\/www.4ojos.com\/blog\/imagenes\/actualidad\/acampada-sol-117.jpg\"><img loading=\"lazy\" class=\"alignnone\" src=\"http:\/\/www.4ojos.com\/blog\/imagenes\/actualidad\/acampada-sol-117.jpg\" alt=\"\" width=\"700\" height=\"509\" \/><\/a><br \/>\n<a href=\"http:\/\/www.4ojos.com\/blog\/imagenes\/actualidad\/acampada-sol-118.jpg\"><img loading=\"lazy\" class=\"alignnone\" src=\"http:\/\/www.4ojos.com\/blog\/imagenes\/actualidad\/acampada-sol-118.jpg\" alt=\"\" width=\"700\" height=\"509\" \/><\/a><br \/>\n<a href=\"http:\/\/www.4ojos.com\/blog\/imagenes\/actualidad\/acampada-sol-119.jpg\"><img loading=\"lazy\" class=\"alignnone\" src=\"http:\/\/www.4ojos.com\/blog\/imagenes\/actualidad\/acampada-sol-119.jpg\" alt=\"\" width=\"700\" height=\"509\" \/><\/a><br \/>\n<a href=\"http:\/\/www.4ojos.com\/blog\/imagenes\/actualidad\/acampada-sol-120.jpg\"><img loading=\"lazy\" class=\"alignnone\" src=\"http:\/\/www.4ojos.com\/blog\/imagenes\/actualidad\/acampada-sol-120.jpg\" alt=\"\" width=\"700\" height=\"509\" \/><\/a><\/p>\n<p>Por fin, la asamblea celebrada esta noche, despu\u00e9s de dos dias de aplazamientos, ha llegado a un consenso: se abandonar\u00e1 la acampada el domingo a las 12 del mediod\u00eda. Un peque\u00f1o grupo<br \/>\nha decidido, no obstante, quedarse a t\u00edtulo personal, sin representar a un  movimiento que promete solidarizarse con ellos cuando empiecen los palos.<br \/>\nUn detalle horrible del Exmo. Ayto: anoche a las 4 de la madrugada ning\u00fan cami\u00f3n de la basura hab\u00eda pasado por Sol ni aleda\u00f1os. Las bolsas y cajas se apilan en las esquinas. Tampoco han pasado a retirar los dos WC port\u00e1tiles que, atestados de orines, apestan a kil\u00f3metros. Parece como si protestar pac\u00edficamente anulase tus derechos ciudadanos y el servicio de recogida de basuras, que pagamos entre todos, fuese un lujo excesivo.<\/p>\n<p>El resto de los dibujos que voy haciendo en Sol, ordenados cronol\u00f3gicamente desde la manifestaci\u00f3n del 15M,<strong> en <a href=\"http:\/\/www.4ojos.com\/blog\/?tag=15m\" target=\"_blank\"><strong>este enlace.<\/strong><\/a><\/strong> Clica en las im\u00e1genes para ampliarlas.<\/p>\n<p>+info<\/p>\n<ul>\n<li><a href=\"http:\/\/www.tomalaplaza.net\/\" target=\"_blank\"><strong>web<\/strong><\/a><\/li>\n<li><strong><a href=\"http:\/\/madrid.tomalaplaza.net\/\" target=\"_blank\"><strong>b<\/strong><\/a><\/strong><a href=\"http:\/\/madrid.tomalaplaza.net\/\" target=\"_blank\"><strong>log<\/strong><\/a><\/li>\n<li><a href=\"http:\/\/tomalosbarrios.net\/\" target=\"_blank\"><strong>asambleas de barrios<\/strong> <\/a><\/li>\n<li><a href=\"https:\/\/www.facebook.com\/#%21\/home.php?sk=group_171759479548890\" target=\"_blank\"><strong>facebook <\/strong><\/a><\/li>\n<li><strong><a href=\"https:\/\/twitter.com\/#%21\/search?q=%23nonosvamos\" target=\"_blank\">#nonosvamos<\/a>, <\/strong><\/li>\n<li><strong> <a href=\"https:\/\/twitter.com\/#%21\/search?q=%23acampadasol\" target=\"_blank\">#acampadasol<\/a> <\/strong><\/li>\n<li><strong> <a href=\"https:\/\/twitter.com\/#%21\/search?q=%23tomalaplaza\" target=\"_blank\">#tomalaplaza<\/a><\/strong><\/li>\n<\/ul>\n","protected":false},"excerpt":{"rendered":"<p>Por fin, la asamblea celebrada esta noche, despu\u00e9s de dos dias de aplazamientos, ha llegado a un consenso: se abandonar\u00e1 la acampada el domingo a las 12 del mediod\u00eda. Un peque\u00f1o grupo ha decidido, no obstante, quedarse a t\u00edtulo personal, sin representar a un movimiento que promete solidarizarse con ellos cuando empiecen los palos. Un [&hellip;]<\/p>\n","protected":false},"author":1,"featured_media":0,"comment_status":"open","ping_status":"open","sticky":false,"template":"","format":"standard","meta":{"ngg_post_thumbnail":0},"categories":[13,9],"tags":[208,78,158,117],"_links":{"self":[{"href":"http:\/\/www.4ojos.com\/blog\/index.php?rest_route=\/wp\/v2\/posts\/5499"}],"collection":[{"href":"http:\/\/www.4ojos.com\/blog\/index.php?rest_route=\/wp\/v2\/posts"}],"about":[{"href":"http:\/\/www.4ojos.com\/blog\/index.php?rest_route=\/wp\/v2\/types\/post"}],"author":[{"embeddable":true,"href":"http:\/\/www.4ojos.com\/blog\/index.php?rest_route=\/wp\/v2\/users\/1"}],"replies":[{"embeddable":true,"href":"http:\/\/www.4ojos.com\/blog\/index.php?rest_route=%2Fwp%2Fv2%2Fcomments&post=5499"}],"version-history":[{"count":3,"href":"http:\/\/www.4ojos.com\/blog\/index.php?rest_route=\/wp\/v2\/posts\/5499\/revisions"}],"predecessor-version":[{"id":5501,"href":"http:\/\/www.4ojos.com\/blog\/index.php?rest_route=\/wp\/v2\/posts\/5499\/revisions\/5501"}],"wp:attachment":[{"href":"http:\/\/www.4ojos.com\/blog\/index.php?rest_route=%2Fwp%2Fv2%2Fmedia&parent=5499"}],"wp:term":[{"taxonomy":"category","embeddable":true,"href":"http:\/\/www.4ojos.com\/blog\/index.php?rest_route=%2Fwp%2Fv2%2Fcategories&post=5499"},{"taxonomy":"post_tag","embeddable":true,"href":"http:\/\/www.4ojos.com\/blog\/index.php?rest_route=%2Fwp%2Fv2%2Ftags&post=5499"}],"curies":[{"name":"wp","href":"https:\/\/api.w.org\/{rel}","templated":true}]}}