{"id":5310,"date":"2011-05-20T08:41:38","date_gmt":"2011-05-20T06:41:38","guid":{"rendered":"http:\/\/www.4ojos.com\/blog\/?p=5310"},"modified":"2011-11-10T05:58:40","modified_gmt":"2011-11-10T03:58:40","slug":"el-problema-es-el-sistema","status":"publish","type":"post","link":"http:\/\/www.4ojos.com\/blog\/?p=5310","title":{"rendered":"acampada sol, dia 4"},"content":{"rendered":"<p><a href=\"http:\/\/www.4ojos.com\/blog\/imagenes\/actualidad\/acampada-sol-017.jpg\"><img loading=\"lazy\" class=\"alignnone\" src=\"http:\/\/www.4ojos.com\/blog\/imagenes\/actualidad\/acampada-sol-017.jpg\" alt=\"\" width=\"700\" height=\"542\" \/><\/a><br \/>\n<a href=\"http:\/\/www.4ojos.com\/blog\/imagenes\/actualidad\/acampada-sol-018.jpg\"><img loading=\"lazy\" class=\"alignnone\" src=\"http:\/\/www.4ojos.com\/blog\/imagenes\/actualidad\/acampada-sol-018.jpg\" alt=\"\" width=\"700\" height=\"542\" \/><\/a><br \/>\n<a href=\"http:\/\/www.4ojos.com\/blog\/imagenes\/actualidad\/acampada-sol-019.jpg\"><img loading=\"lazy\" class=\"alignnone\" src=\"http:\/\/www.4ojos.com\/blog\/imagenes\/actualidad\/acampada-sol-019.jpg\" alt=\"\" width=\"700\" height=\"542\" \/><\/a><br \/>\n<a href=\"http:\/\/www.4ojos.com\/blog\/imagenes\/actualidad\/acampada-sol-020.jpg\"><img loading=\"lazy\" class=\"alignnone\" src=\"http:\/\/www.4ojos.com\/blog\/imagenes\/actualidad\/acampada-sol-020.jpg\" alt=\"\" width=\"700\" height=\"542\" \/><\/a><br \/>\n<a href=\"http:\/\/www.4ojos.com\/blog\/imagenes\/actualidad\/acampada-sol-021.jpg\"><img loading=\"lazy\" class=\"alignnone\" src=\"http:\/\/www.4ojos.com\/blog\/imagenes\/actualidad\/acampada-sol-021.jpg\" alt=\"\" width=\"700\" height=\"542\" \/><\/a><\/p>\n<p>Las im\u00e1genes de m\u00e1s arriba son de la concentraci\u00f3n de ayer. La afluencia de gente en estos dias ha ido aumentando de manera exponencial y no hab\u00eda manera de dar un paso o dibujar sin que un pisot\u00f3n o un codazo provocaran una raya indeseada y\/o un manchurr\u00f3n de tinta. Las carpas y tiendas hab\u00edan ido creciendo durante todo el dia y ocupaban gran parte de la superficie de Sol, con lo que la gente que iba llegando a la Plaza termin\u00f3 reparti\u00e9ndose tambi\u00e9n por Montera y Carretas. La eficientisima carpa de comidas no par\u00f3 de alimentar gratis al personal y a mi lado un matrimonio mayor aprovech\u00f3 para tomarse la merendola.<\/p>\n<p>Unos valientes colgaron un cartel de Himmler con el &#8220;No nos representan&#8221; encima del anuncio gigante de Paz Vega y al rato el edificio entero estaba convenientemente hackeado. Demasi\u00e9 para dibujarlo. Tanto mensaje y tanta palabra y tanta gente me aturde. Uno &#8220;del gremio&#8221; me dice que ya hay que tener ganas de dibujar para hacerlo como lo hago&#8230; Imagino que se refiere a que lo hago de pie y rodeado de gente. Ser\u00e1 que \u00e9l es de los de caballete.<\/p>\n<p><a href=\"http:\/\/www.4ojos.com\/blog\/imagenes\/actualidad\/acampada-sol-022.jpg\"><img loading=\"lazy\" class=\"alignnone\" src=\"http:\/\/www.4ojos.com\/blog\/imagenes\/actualidad\/acampada-sol-022.jpg\" alt=\"\" width=\"700\" height=\"542\" \/><\/a><br \/>\n<a href=\"http:\/\/www.4ojos.com\/blog\/imagenes\/actualidad\/acampada-sol-023.jpg\"><img loading=\"lazy\" class=\"alignnone\" src=\"http:\/\/www.4ojos.com\/blog\/imagenes\/actualidad\/acampada-sol-023.jpg\" alt=\"\" width=\"700\" height=\"542\" \/><\/a><br \/>\n<a href=\"http:\/\/www.4ojos.com\/blog\/imagenes\/actualidad\/acampada-sol-024.jpg\"><img loading=\"lazy\" class=\"alignnone\" src=\"http:\/\/www.4ojos.com\/blog\/imagenes\/actualidad\/acampada-sol-024.jpg\" alt=\"\" width=\"700\" height=\"542\" \/><\/a><br \/>\n<a href=\"http:\/\/www.4ojos.com\/blog\/imagenes\/actualidad\/acampada-sol-025.jpg\"><img loading=\"lazy\" class=\"alignnone\" src=\"http:\/\/www.4ojos.com\/blog\/imagenes\/actualidad\/acampada-sol-025.jpg\" alt=\"\" width=\"700\" height=\"542\" \/><\/a><br \/>\n<a href=\"http:\/\/www.4ojos.com\/blog\/imagenes\/actualidad\/acampada-sol-026.jpg\"><img loading=\"lazy\" class=\"alignnone\" src=\"http:\/\/www.4ojos.com\/blog\/imagenes\/actualidad\/acampada-sol-026.jpg\" alt=\"\" width=\"700\" height=\"542\" \/><\/a><br \/>\n<a href=\"http:\/\/www.4ojos.com\/blog\/imagenes\/actualidad\/acampada-sol-027.jpg\"><img loading=\"lazy\" class=\"alignnone\" src=\"http:\/\/www.4ojos.com\/blog\/imagenes\/actualidad\/acampada-sol-027.jpg\" alt=\"\" width=\"700\" height=\"542\" \/><\/a><\/p>\n<p>Estas im\u00e1genes son de esta \u00faltima noche. Sin lluvia, menos mal. La organizaci\u00f3n, impecable, delimita dos \u00e1reas de pernoctaci\u00f3n: una para sacos y otra para tiendas. Enmedio, las carpas.\u00a0 El 90% de las tiendas son de ese modelo de Quechua de montar en un minuto. \u00a1Qu\u00e9 oportunidad m\u00e1s buena ha perdido Decathlon para promocionar sus chismes mandando 50 tiendas a la acampada!\u00a0 Una chica increpa a unos borrachos que se han subido a una de las cochinillas y no paran de cantar. No la dejan dormir, dice. Mucha gente est\u00e1 falta de sue\u00f1o y eso se pagar\u00e1 en los pr\u00f3ximos dos dias, en los que la cercan\u00eda a la votaci\u00f3n har\u00e1 que la tensi\u00f3n aumente. No paran de pasar chinos que venden latas de cerveza, pero muchos carteles dicen &#8220;Esto no es un botell\u00f3n&#8221; y no consiguen hacer mucho negocio. Una chica catequiza a un chaval que est\u00e1 bebiendo: &#8220;Si est\u00e1s borracho, \u00bfc\u00f3mo vas a defender lo que piensas?&#8221;. Unos punkis me ofrecen un sill\u00f3n que ha salido qui\u00e9n sabe de d\u00f3nde para que dibuje c\u00f3modo. Me ofrecen cruasanes y me llaman de usted. Ufff.<\/p>\n<p>Cuando amanece, un se\u00f1or gordito y sonriente viene cargado de churros y recibe aplausos. Casi tanto como los bomberos, que pasan un par de veces con un cami\u00f3n pintado con piropos a Gallard\u00f3n.<\/p>\n<p>Clica, si quieres, para ampliar las im\u00e1genes. Esta vez las he subido a resoluci\u00f3n generosa porque ayer fuisteis muchos los que os quej\u00e1steis de que no se le\u00eda bien.<br \/>\nMis entradas anteriores sobre la acampada de Sol, bajo la etiqueta 15M en este mismo blog, <a href=\"http:\/\/www.4ojos.com\/blog\/?tag=15m\" target=\"_blank\"><strong>aqu\u00ed.<\/strong><\/a><\/p>\n","protected":false},"excerpt":{"rendered":"<p>Las im\u00e1genes de m\u00e1s arriba son de la concentraci\u00f3n de ayer. La afluencia de gente en estos dias ha ido aumentando de manera exponencial y no hab\u00eda manera de dar un paso o dibujar sin que un pisot\u00f3n o un codazo provocaran una raya indeseada y\/o un manchurr\u00f3n de tinta. Las carpas y tiendas hab\u00edan [&hellip;]<\/p>\n","protected":false},"author":1,"featured_media":0,"comment_status":"open","ping_status":"open","sticky":false,"template":"","format":"standard","meta":{"ngg_post_thumbnail":0},"categories":[12],"tags":[208,78,158,117],"_links":{"self":[{"href":"http:\/\/www.4ojos.com\/blog\/index.php?rest_route=\/wp\/v2\/posts\/5310"}],"collection":[{"href":"http:\/\/www.4ojos.com\/blog\/index.php?rest_route=\/wp\/v2\/posts"}],"about":[{"href":"http:\/\/www.4ojos.com\/blog\/index.php?rest_route=\/wp\/v2\/types\/post"}],"author":[{"embeddable":true,"href":"http:\/\/www.4ojos.com\/blog\/index.php?rest_route=\/wp\/v2\/users\/1"}],"replies":[{"embeddable":true,"href":"http:\/\/www.4ojos.com\/blog\/index.php?rest_route=%2Fwp%2Fv2%2Fcomments&post=5310"}],"version-history":[{"count":6,"href":"http:\/\/www.4ojos.com\/blog\/index.php?rest_route=\/wp\/v2\/posts\/5310\/revisions"}],"predecessor-version":[{"id":5312,"href":"http:\/\/www.4ojos.com\/blog\/index.php?rest_route=\/wp\/v2\/posts\/5310\/revisions\/5312"}],"wp:attachment":[{"href":"http:\/\/www.4ojos.com\/blog\/index.php?rest_route=%2Fwp%2Fv2%2Fmedia&parent=5310"}],"wp:term":[{"taxonomy":"category","embeddable":true,"href":"http:\/\/www.4ojos.com\/blog\/index.php?rest_route=%2Fwp%2Fv2%2Fcategories&post=5310"},{"taxonomy":"post_tag","embeddable":true,"href":"http:\/\/www.4ojos.com\/blog\/index.php?rest_route=%2Fwp%2Fv2%2Ftags&post=5310"}],"curies":[{"name":"wp","href":"https:\/\/api.w.org\/{rel}","templated":true}]}}