{"id":5027,"date":"2011-03-27T17:49:18","date_gmt":"2011-03-27T15:49:18","guid":{"rendered":"http:\/\/www.4ojos.com\/blog\/?p=5027"},"modified":"2012-04-23T12:10:09","modified_gmt":"2012-04-23T10:10:09","slug":"3editores","status":"publish","type":"post","link":"http:\/\/www.4ojos.com\/blog\/?p=5027","title":{"rendered":"3editores"},"content":{"rendered":"<p><a href=\"http:\/\/www.4ojos.com\/blog\/imagenes\/otros\/3editores1.jpg\"><img loading=\"lazy\" class=\"alignnone\" src=\"http:\/\/www.4ojos.com\/blog\/imagenes\/otros\/3editores1.jpg\" alt=\"\" width=\"700\" height=\"1067\" \/><\/a><\/p>\n<p>Nace una nueva editorial dedicada al libro ilustrado: <a href=\"http:\/\/www.treseditores.com\/\"><strong>TRESEDITORES<\/strong><\/a>.\u00a0 Arranca muy bien con tres t\u00edtulos de los que he sacado las im\u00e1genes que ilustran este post: <strong>CIBELES <\/strong>de Berrio, <strong>EL RASTRO<\/strong> de Alfredo y <strong>GRAN V\u00cdA <\/strong>de Navia, que ser\u00e1n presentados por Juan Manuel Bonet el pr\u00f3ximo d\u00eda 30 en la librer\u00eda Rafael Alberti de Madrid.<\/p>\n<p>Libros de 32 p\u00e1gs, en formato 16 x 16, con un precio de venta al p\u00fablico  de 12\u20ac, que ser\u00e1n seguidos por otros de Arturo Redondo (LA MAESTRANZA), Zabala (EL PRADO), Sonia Pulido (EL PARK G\u00dcELL ), Arranz  (EL MUSEO THYSSEN), Berrio (PLAZA DE ORIENTE) y uno m\u00edo sobre el Parque el Retiro del que ya os dar\u00e9 cumplida cuenta aqu\u00ed mismo.<br \/>\nM\u00e1s informaci\u00f3n en <a href=\"https:\/\/www.treseditores.com\/\">su web<\/a>, en <a href=\"http:\/\/treseditores.blogspot.com\/\">su blog<\/a> y en <a href=\"https:\/\/www.facebook.com\/pages\/Treseditores-Libros-Ilustrados\/179198585447063?ref=ts\">su p\u00e1gina de facebook<\/a><\/p>\n<p>Cobertura en prensa<strong> <a href=\"http:\/\/www.elpais.com\/articulo\/madrid\/Trazos\/Madrid\/vibrante\/bullicioso\/elpepiespmad\/20110331elpmad_13\/Tes\" target=\"_blank\">aqu\u00ed <\/a>y <a href=\"http:\/\/www.elpais.com\/fotogaleria\/cultura\/Madrid\/vinetas\/elpgal\/20110330elpepucul_1\/Zes\/1\" target=\"_blank\">aqu\u00ed.<\/a><\/strong><\/p>\n","protected":false},"excerpt":{"rendered":"<p>Nace una nueva editorial dedicada al libro ilustrado: TRESEDITORES.\u00a0 Arranca muy bien con tres t\u00edtulos de los que he sacado las im\u00e1genes que ilustran este post: CIBELES de Berrio, EL RASTRO de Alfredo y GRAN V\u00cdA de Navia, que ser\u00e1n presentados por Juan Manuel Bonet el pr\u00f3ximo d\u00eda 30 en la librer\u00eda Rafael Alberti de [&hellip;]<\/p>\n","protected":false},"author":1,"featured_media":0,"comment_status":"open","ping_status":"open","sticky":false,"template":"","format":"standard","meta":{"ngg_post_thumbnail":0},"categories":[12],"tags":[197,60],"_links":{"self":[{"href":"http:\/\/www.4ojos.com\/blog\/index.php?rest_route=\/wp\/v2\/posts\/5027"}],"collection":[{"href":"http:\/\/www.4ojos.com\/blog\/index.php?rest_route=\/wp\/v2\/posts"}],"about":[{"href":"http:\/\/www.4ojos.com\/blog\/index.php?rest_route=\/wp\/v2\/types\/post"}],"author":[{"embeddable":true,"href":"http:\/\/www.4ojos.com\/blog\/index.php?rest_route=\/wp\/v2\/users\/1"}],"replies":[{"embeddable":true,"href":"http:\/\/www.4ojos.com\/blog\/index.php?rest_route=%2Fwp%2Fv2%2Fcomments&post=5027"}],"version-history":[{"count":5,"href":"http:\/\/www.4ojos.com\/blog\/index.php?rest_route=\/wp\/v2\/posts\/5027\/revisions"}],"predecessor-version":[{"id":7382,"href":"http:\/\/www.4ojos.com\/blog\/index.php?rest_route=\/wp\/v2\/posts\/5027\/revisions\/7382"}],"wp:attachment":[{"href":"http:\/\/www.4ojos.com\/blog\/index.php?rest_route=%2Fwp%2Fv2%2Fmedia&parent=5027"}],"wp:term":[{"taxonomy":"category","embeddable":true,"href":"http:\/\/www.4ojos.com\/blog\/index.php?rest_route=%2Fwp%2Fv2%2Fcategories&post=5027"},{"taxonomy":"post_tag","embeddable":true,"href":"http:\/\/www.4ojos.com\/blog\/index.php?rest_route=%2Fwp%2Fv2%2Ftags&post=5027"}],"curies":[{"name":"wp","href":"https:\/\/api.w.org\/{rel}","templated":true}]}}